{"id":21192,"date":"2024-12-30T13:45:03","date_gmt":"2024-12-30T19:45:03","guid":{"rendered":"https:\/\/gobernacionaltaverapaz.gob.gt\/?p=21192"},"modified":"2025-01-01T21:15:07","modified_gmt":"2025-01-02T03:15:07","slug":"firma-del-convenio-numero-30-de-30-del-fondo-de-la-gran-cruzada-nacional-por-la-nutricion","status":"publish","type":"post","link":"https:\/\/gobernacionaltaverapaz.gob.gt\/?p=21192","title":{"rendered":"Fortalecimiento de la educaci\u00f3n en el municipio de Senah\u00fa"},"content":{"rendered":"<div class=\"xdj266r x11i5rnm xat24cr x1mh8g0r x1vvkbs x126k92a\">\n<div dir=\"auto\" style=\"text-align: justify;\">El d\u00eda de hoy se firm\u00f3 el convenio n\u00famero 30 de 30 del Fondo de la Gran Cruzada Nacional por la Nutrici\u00f3n, marcando un paso significativo hacia el fortalecimiento de la educaci\u00f3n en el municipio de Senah\u00fa, Alta Verapaz.<\/div>\n<\/div>\n<div class=\"x11i5rnm xat24cr x1mh8g0r x1vvkbs xtlvy1s x126k92a\">\n<div dir=\"auto\" style=\"text-align: justify;\">Este proyecto demuestra el compromiso con la educaci\u00f3n como una de las principales prioridades de este gobierno. Con esta acci\u00f3n, se refuerza la visi\u00f3n de que la educaci\u00f3n es una herramienta clave para el desarrollo y la construcci\u00f3n de un mejor futuro para las comunidades.<\/div>\n<\/div>\n<p>&nbsp;<\/p>\n<p><img decoding=\"async\" loading=\"lazy\" class=\"alignnone size-full wp-image-21193\" src=\"https:\/\/gobernacionaltaverapaz.gob.gt\/wp-content\/uploads\/2025\/01\/0.gif\" alt=\"\" width=\"900\" height=\"600\" \/><\/p>\n","protected":false},"excerpt":{"rendered":"<p>El d\u00eda de hoy se firm\u00f3 el convenio n\u00famero 30 de 30 del Fondo de la Gran Cruzada Nacional por la Nutrici\u00f3n, marcando un paso significativo hacia el fortalecimiento de la educaci\u00f3n en el municipio de Senah\u00fa, Alta Verapaz. Este proyecto demuestra el compromiso con la educaci\u00f3n como una de las principales prioridades de este [&hellip;]<\/p>\n","protected":false},"author":1,"featured_media":21193,"comment_status":"closed","ping_status":"open","sticky":false,"template":"","format":"gallery","meta":[],"categories":[183],"tags":[178],"_links":{"self":[{"href":"https:\/\/gobernacionaltaverapaz.gob.gt\/index.php?rest_route=\/wp\/v2\/posts\/21192"}],"collection":[{"href":"https:\/\/gobernacionaltaverapaz.gob.gt\/index.php?rest_route=\/wp\/v2\/posts"}],"about":[{"href":"https:\/\/gobernacionaltaverapaz.gob.gt\/index.php?rest_route=\/wp\/v2\/types\/post"}],"author":[{"embeddable":true,"href":"https:\/\/gobernacionaltaverapaz.gob.gt\/index.php?rest_route=\/wp\/v2\/users\/1"}],"replies":[{"embeddable":true,"href":"https:\/\/gobernacionaltaverapaz.gob.gt\/index.php?rest_route=%2Fwp%2Fv2%2Fcomments&post=21192"}],"version-history":[{"count":3,"href":"https:\/\/gobernacionaltaverapaz.gob.gt\/index.php?rest_route=\/wp\/v2\/posts\/21192\/revisions"}],"predecessor-version":[{"id":21196,"href":"https:\/\/gobernacionaltaverapaz.gob.gt\/index.php?rest_route=\/wp\/v2\/posts\/21192\/revisions\/21196"}],"wp:featuredmedia":[{"embeddable":true,"href":"https:\/\/gobernacionaltaverapaz.gob.gt\/index.php?rest_route=\/wp\/v2\/media\/21193"}],"wp:attachment":[{"href":"https:\/\/gobernacionaltaverapaz.gob.gt\/index.php?rest_route=%2Fwp%2Fv2%2Fmedia&parent=21192"}],"wp:term":[{"taxonomy":"category","embeddable":true,"href":"https:\/\/gobernacionaltaverapaz.gob.gt\/index.php?rest_route=%2Fwp%2Fv2%2Fcategories&post=21192"},{"taxonomy":"post_tag","embeddable":true,"href":"https:\/\/gobernacionaltaverapaz.gob.gt\/index.php?rest_route=%2Fwp%2Fv2%2Ftags&post=21192"}],"curies":[{"name":"wp","href":"https:\/\/api.w.org\/{rel}","templated":true}]}}