{"id":21197,"date":"2024-12-31T14:03:55","date_gmt":"2024-12-31T20:03:55","guid":{"rendered":"https:\/\/gobernacionaltaverapaz.gob.gt\/?p=21197"},"modified":"2025-01-01T21:20:34","modified_gmt":"2025-01-02T03:20:34","slug":"seguridad-ciudadana-en-el-departamento","status":"publish","type":"post","link":"https:\/\/gobernacionaltaverapaz.gob.gt\/?p=21197","title":{"rendered":"Seguridad ciudadana en el departamento"},"content":{"rendered":"<div class=\"xdj266r x11i5rnm xat24cr x1mh8g0r x1vvkbs x126k92a\">\n<div dir=\"auto\" style=\"text-align: justify;\">La Gobernadora Departamental de Alta Verapaz, Dilia Margarita C\u00f3 Coy, en estrecha coordinaci\u00f3n con el Ministerio de Gobernaci\u00f3n y la Polic\u00eda Nacional Civil, contin\u00faa trabajando incansablemente para fortalecer la seguridad ciudadana en el departamento.<\/div>\n<\/div>\n<div class=\"x11i5rnm xat24cr x1mh8g0r x1vvkbs xtlvy1s x126k92a\" style=\"text-align: justify;\">\n<div dir=\"auto\">Como resultado de un operativo realizado en la ciudad de San Pedro Carch\u00e1, se efectu\u00f3 la detenci\u00f3n de una persona por portaci\u00f3n ilegal de arma de fuego, reafirmando el compromiso de las autoridades por prevenir actos que puedan alterar la tranquilidad de las comunidades.<\/div>\n<\/div>\n<div class=\"x11i5rnm xat24cr x1mh8g0r x1vvkbs xtlvy1s x126k92a\">\n<div dir=\"auto\" style=\"text-align: justify;\">Estas acciones forman parte de una estrategia integral para garantizar que las familias de Alta Verapaz vivan unas fiestas de fin de a\u00f1o en paz, promoviendo un ambiente seguro para todos.<\/div>\n<\/div>\n<p>&nbsp;<\/p>\n<p><img decoding=\"async\" loading=\"lazy\" class=\"alignnone size-full wp-image-21198\" src=\"https:\/\/gobernacionaltaverapaz.gob.gt\/wp-content\/uploads\/2025\/01\/01-1.gif\" alt=\"\" width=\"900\" height=\"600\" \/><\/p>\n","protected":false},"excerpt":{"rendered":"<p>La Gobernadora Departamental de Alta Verapaz, Dilia Margarita C\u00f3 Coy, en estrecha coordinaci\u00f3n con el Ministerio de Gobernaci\u00f3n y la Polic\u00eda Nacional Civil, contin\u00faa trabajando incansablemente para fortalecer la seguridad ciudadana en el departamento. Como resultado de un operativo realizado en la ciudad de San Pedro Carch\u00e1, se efectu\u00f3 la detenci\u00f3n de una persona por [&hellip;]<\/p>\n","protected":false},"author":1,"featured_media":21200,"comment_status":"closed","ping_status":"open","sticky":false,"template":"","format":"standard","meta":[],"categories":[197],"tags":[178],"_links":{"self":[{"href":"https:\/\/gobernacionaltaverapaz.gob.gt\/index.php?rest_route=\/wp\/v2\/posts\/21197"}],"collection":[{"href":"https:\/\/gobernacionaltaverapaz.gob.gt\/index.php?rest_route=\/wp\/v2\/posts"}],"about":[{"href":"https:\/\/gobernacionaltaverapaz.gob.gt\/index.php?rest_route=\/wp\/v2\/types\/post"}],"author":[{"embeddable":true,"href":"https:\/\/gobernacionaltaverapaz.gob.gt\/index.php?rest_route=\/wp\/v2\/users\/1"}],"replies":[{"embeddable":true,"href":"https:\/\/gobernacionaltaverapaz.gob.gt\/index.php?rest_route=%2Fwp%2Fv2%2Fcomments&post=21197"}],"version-history":[{"count":1,"href":"https:\/\/gobernacionaltaverapaz.gob.gt\/index.php?rest_route=\/wp\/v2\/posts\/21197\/revisions"}],"predecessor-version":[{"id":21201,"href":"https:\/\/gobernacionaltaverapaz.gob.gt\/index.php?rest_route=\/wp\/v2\/posts\/21197\/revisions\/21201"}],"wp:featuredmedia":[{"embeddable":true,"href":"https:\/\/gobernacionaltaverapaz.gob.gt\/index.php?rest_route=\/wp\/v2\/media\/21200"}],"wp:attachment":[{"href":"https:\/\/gobernacionaltaverapaz.gob.gt\/index.php?rest_route=%2Fwp%2Fv2%2Fmedia&parent=21197"}],"wp:term":[{"taxonomy":"category","embeddable":true,"href":"https:\/\/gobernacionaltaverapaz.gob.gt\/index.php?rest_route=%2Fwp%2Fv2%2Fcategories&post=21197"},{"taxonomy":"post_tag","embeddable":true,"href":"https:\/\/gobernacionaltaverapaz.gob.gt\/index.php?rest_route=%2Fwp%2Fv2%2Ftags&post=21197"}],"curies":[{"name":"wp","href":"https:\/\/api.w.org\/{rel}","templated":true}]}}