{"id":21219,"date":"2025-01-10T09:24:42","date_gmt":"2025-01-10T15:24:42","guid":{"rendered":"https:\/\/gobernacionaltaverapaz.gob.gt\/?p=21219"},"modified":"2025-01-11T19:21:45","modified_gmt":"2025-01-12T01:21:45","slug":"avance-en-la-gestion-local-y-fortaleciendo-las-estrategias-conjuntas-para-atender-las-necesidades-de-las-comunidades","status":"publish","type":"post","link":"https:\/\/gobernacionaltaverapaz.gob.gt\/?p=21219","title":{"rendered":"Evaluando los avances en la gesti\u00f3n local y fortaleciendo las estrategias para atender las necesidades de las comunidades"},"content":{"rendered":"<div class=\"xdj266r x11i5rnm xat24cr x1mh8g0r x1vvkbs x126k92a\">\n<div dir=\"auto\" style=\"text-align: justify;\">La Gobernadora Departamental reafirma su compromiso con el desarrollo de Alta Verapaz a trav\u00e9s de visitas estrat\u00e9gicas a los municipios de Santa Catalina La Tinta, Panz\u00f3s, Senah\u00fa y Chisec.<\/div>\n<\/div>\n<div class=\"x11i5rnm xat24cr x1mh8g0r x1vvkbs xtlvy1s x126k92a\" style=\"text-align: justify;\">\n<div dir=\"auto\">En reuniones clave con los alcaldes municipales, se evaluaron los avances en la gesti\u00f3n local y se fortalecieron las estrategias conjuntas para atender las necesidades de las comunidades, enfoc\u00e1ndose en temas prioritarios como infraestructura, seguridad alimentaria, educaci\u00f3n y desarrollo social.<\/div>\n<\/div>\n<div class=\"x11i5rnm xat24cr x1mh8g0r x1vvkbs xtlvy1s x126k92a\" style=\"text-align: justify;\">\n<div dir=\"auto\">Estas acciones reflejan el compromiso de las autoridades con el progreso de Alta Verapaz, promoviendo el trabajo en equipo para mejorar la calidad de vida de las familias en el territorio.<\/div>\n<\/div>\n<div class=\"x11i5rnm xat24cr x1mh8g0r x1vvkbs xtlvy1s x126k92a\" style=\"text-align: justify;\">\n<div dir=\"auto\">\u00a1Juntos seguimos avanzando, construyendo un futuro mejor para nuestras comunidades!<\/div>\n<\/div>\n<p>&nbsp;<\/p>\n<div><\/div>\n","protected":false},"excerpt":{"rendered":"<p>La Gobernadora Departamental reafirma su compromiso con el desarrollo de Alta Verapaz a trav\u00e9s de visitas estrat\u00e9gicas a los municipios de Santa Catalina La Tinta, Panz\u00f3s, Senah\u00fa y Chisec. En reuniones clave con los alcaldes municipales, se evaluaron los avances en la gesti\u00f3n local y se fortalecieron las estrategias conjuntas para atender las necesidades de [&hellip;]<\/p>\n","protected":false},"author":1,"featured_media":21203,"comment_status":"closed","ping_status":"open","sticky":false,"template":"","format":"gallery","meta":[],"categories":[183],"tags":[178],"_links":{"self":[{"href":"https:\/\/gobernacionaltaverapaz.gob.gt\/index.php?rest_route=\/wp\/v2\/posts\/21219"}],"collection":[{"href":"https:\/\/gobernacionaltaverapaz.gob.gt\/index.php?rest_route=\/wp\/v2\/posts"}],"about":[{"href":"https:\/\/gobernacionaltaverapaz.gob.gt\/index.php?rest_route=\/wp\/v2\/types\/post"}],"author":[{"embeddable":true,"href":"https:\/\/gobernacionaltaverapaz.gob.gt\/index.php?rest_route=\/wp\/v2\/users\/1"}],"replies":[{"embeddable":true,"href":"https:\/\/gobernacionaltaverapaz.gob.gt\/index.php?rest_route=%2Fwp%2Fv2%2Fcomments&post=21219"}],"version-history":[{"count":5,"href":"https:\/\/gobernacionaltaverapaz.gob.gt\/index.php?rest_route=\/wp\/v2\/posts\/21219\/revisions"}],"predecessor-version":[{"id":21224,"href":"https:\/\/gobernacionaltaverapaz.gob.gt\/index.php?rest_route=\/wp\/v2\/posts\/21219\/revisions\/21224"}],"wp:featuredmedia":[{"embeddable":true,"href":"https:\/\/gobernacionaltaverapaz.gob.gt\/index.php?rest_route=\/wp\/v2\/media\/21203"}],"wp:attachment":[{"href":"https:\/\/gobernacionaltaverapaz.gob.gt\/index.php?rest_route=%2Fwp%2Fv2%2Fmedia&parent=21219"}],"wp:term":[{"taxonomy":"category","embeddable":true,"href":"https:\/\/gobernacionaltaverapaz.gob.gt\/index.php?rest_route=%2Fwp%2Fv2%2Fcategories&post=21219"},{"taxonomy":"post_tag","embeddable":true,"href":"https:\/\/gobernacionaltaverapaz.gob.gt\/index.php?rest_route=%2Fwp%2Fv2%2Ftags&post=21219"}],"curies":[{"name":"wp","href":"https:\/\/api.w.org\/{rel}","templated":true}]}}