{"id":21235,"date":"2025-01-12T12:00:30","date_gmt":"2025-01-12T18:00:30","guid":{"rendered":"https:\/\/gobernacionaltaverapaz.gob.gt\/?p=21235"},"modified":"2025-01-14T15:51:54","modified_gmt":"2025-01-14T21:51:54","slug":"construccion-centro-comunitario-de-salud-aldea-tampo-tactic-alta-verapaz","status":"publish","type":"post","link":"https:\/\/gobernacionaltaverapaz.gob.gt\/?p=21235","title":{"rendered":"Construcci\u00f3n Centro Comunitario de Salud Aldea Tampo, Tactic, Alta Verapaz"},"content":{"rendered":"<div class=\"xdj266r x11i5rnm xat24cr x1mh8g0r x1vvkbs x126k92a\">\n<div dir=\"auto\" style=\"text-align: justify;\">Hoy se llev\u00f3 a cabo la colocaci\u00f3n de la primera piedra del proyecto &#8220;Construcci\u00f3n Centro Comunitario de Salud Aldea Tampo, Tactic, Alta Verapaz&#8221;, un sue\u00f1o largamente anhelado que comienza a hacerse realidad.<\/div>\n<\/div>\n<div class=\"x11i5rnm xat24cr x1mh8g0r x1vvkbs xtlvy1s x126k92a\">\n<div dir=\"auto\" style=\"text-align: justify;\">Con el acompa\u00f1amiento especial de la Gobernadora Departamental de Alta Verapaz, Dilia Margarita C\u00f3 Coy, y el liderazgo del Se\u00f1or Alcalde, Licenciado Edin Guerrero, junto a su Honorable Concejo Municipal, reafirmamos el compromiso de trabajar por el bienestar de nuestras comunidades.<\/div>\n<\/div>\n<p>&nbsp;<\/p>\n<div><\/div>\n","protected":false},"excerpt":{"rendered":"<p>Hoy se llev\u00f3 a cabo la colocaci\u00f3n de la primera piedra del proyecto &#8220;Construcci\u00f3n Centro Comunitario de Salud Aldea Tampo, Tactic, Alta Verapaz&#8221;, un sue\u00f1o largamente anhelado que comienza a hacerse realidad. Con el acompa\u00f1amiento especial de la Gobernadora Departamental de Alta Verapaz, Dilia Margarita C\u00f3 Coy, y el liderazgo del Se\u00f1or Alcalde, Licenciado Edin [&hellip;]<\/p>\n","protected":false},"author":1,"featured_media":21225,"comment_status":"closed","ping_status":"open","sticky":false,"template":"","format":"gallery","meta":[],"categories":[195],"tags":[178],"_links":{"self":[{"href":"https:\/\/gobernacionaltaverapaz.gob.gt\/index.php?rest_route=\/wp\/v2\/posts\/21235"}],"collection":[{"href":"https:\/\/gobernacionaltaverapaz.gob.gt\/index.php?rest_route=\/wp\/v2\/posts"}],"about":[{"href":"https:\/\/gobernacionaltaverapaz.gob.gt\/index.php?rest_route=\/wp\/v2\/types\/post"}],"author":[{"embeddable":true,"href":"https:\/\/gobernacionaltaverapaz.gob.gt\/index.php?rest_route=\/wp\/v2\/users\/1"}],"replies":[{"embeddable":true,"href":"https:\/\/gobernacionaltaverapaz.gob.gt\/index.php?rest_route=%2Fwp%2Fv2%2Fcomments&post=21235"}],"version-history":[{"count":1,"href":"https:\/\/gobernacionaltaverapaz.gob.gt\/index.php?rest_route=\/wp\/v2\/posts\/21235\/revisions"}],"predecessor-version":[{"id":21236,"href":"https:\/\/gobernacionaltaverapaz.gob.gt\/index.php?rest_route=\/wp\/v2\/posts\/21235\/revisions\/21236"}],"wp:featuredmedia":[{"embeddable":true,"href":"https:\/\/gobernacionaltaverapaz.gob.gt\/index.php?rest_route=\/wp\/v2\/media\/21225"}],"wp:attachment":[{"href":"https:\/\/gobernacionaltaverapaz.gob.gt\/index.php?rest_route=%2Fwp%2Fv2%2Fmedia&parent=21235"}],"wp:term":[{"taxonomy":"category","embeddable":true,"href":"https:\/\/gobernacionaltaverapaz.gob.gt\/index.php?rest_route=%2Fwp%2Fv2%2Fcategories&post=21235"},{"taxonomy":"post_tag","embeddable":true,"href":"https:\/\/gobernacionaltaverapaz.gob.gt\/index.php?rest_route=%2Fwp%2Fv2%2Ftags&post=21235"}],"curies":[{"name":"wp","href":"https:\/\/api.w.org\/{rel}","templated":true}]}}