{"id":21244,"date":"2025-01-14T16:52:31","date_gmt":"2025-01-14T22:52:31","guid":{"rendered":"https:\/\/gobernacionaltaverapaz.gob.gt\/?p=21244"},"modified":"2025-01-17T16:04:28","modified_gmt":"2025-01-17T22:04:28","slug":"fortaleciendo-alta-verapaz-para-el-2025","status":"publish","type":"post","link":"https:\/\/gobernacionaltaverapaz.gob.gt\/?p=21244","title":{"rendered":"Fortaleciendo Alta Verapaz para el 2025"},"content":{"rendered":"<div class=\"x11i5rnm xat24cr x1mh8g0r x1vvkbs xtlvy1s x126k92a\">\n<div dir=\"auto\" style=\"text-align: justify;\">Hoy, martes 14 de enero, la Gobernadora de Alta Verapaz lider\u00f3 importantes reuniones interinstitucionales:<\/div>\n<\/div>\n<div class=\"x11i5rnm xat24cr x1mh8g0r x1vvkbs xtlvy1s x126k92a\" style=\"text-align: justify;\">\n<div dir=\"auto\">CONRED: Se discutieron estrategias clave para la preparaci\u00f3n y respuesta ante emergencias en el 2025, garantizando la seguridad de nuestras comunidades.<\/div>\n<\/div>\n<div class=\"x11i5rnm xat24cr x1mh8g0r x1vvkbs xtlvy1s x126k92a\">\n<div dir=\"auto\" style=\"text-align: justify;\">SEGEPLAN: Se trabaj\u00f3 en la gesti\u00f3n y planificaci\u00f3n estrat\u00e9gica para impulsar el desarrollo sostenible del departamento.<\/div>\n<\/div>\n<p>&nbsp;<\/p>\n<div><\/div>\n<div><\/div>\n<div><\/div>\n<div><\/div>\n<div><\/div>\n<div><\/div>\n<div><\/div>\n<div><\/div>\n<div><a href=\"https:\/\/www.facebook.com\/GobernacionAV?__cft__[0]=AZVJG4injuSZ-g_8wvEbqlBcIie3SKDQaNGovPkJkJrvgvNrz-E5rNuSCb-KSlTCfuIpNBcs998Rsd_-ThGcq8sTsLwtxuaVlVRXNxowzp0if2vqHcZMLduvWH1RsKl866U0bxGpc7MBMwXLQMA-WKB9MHUIaJweODkRnsz2jLfc405ZZBavwAX_M3V-KI3HVqOkn-trj40KU1hFkFcpmEjd&amp;__cft__[1]=AZVJG4injuSZ-g_8wvEbqlBcIie3SKDQaNGovPkJkJrvgvNrz-E5rNuSCb-KSlTCfuIpNBcs998Rsd_-ThGcq8sTsLwtxuaVlVRXNxowzp0if2vqHcZMLduvWH1RsKl866U0bxGpc7MBMwXLQMA-WKB9MHUIaJweODkRnsz2jLfc405ZZBavwAX_M3V-KI3HVqOkn-trj40KU1hFkFcpmEjd&amp;__tn__=-]H-R\"><img decoding=\"async\" loading=\"lazy\" class=\"wp-image-21247 size-medium alignleft\" title=\"Ver video en Facebook\" src=\"https:\/\/gobernacionaltaverapaz.gob.gt\/wp-content\/uploads\/2025\/01\/0-2-300x200.gif\" alt=\"\" width=\"300\" height=\"200\" srcset=\"https:\/\/gobernacionaltaverapaz.gob.gt\/wp-content\/uploads\/2025\/01\/0-2-300x200.gif 300w, https:\/\/gobernacionaltaverapaz.gob.gt\/wp-content\/uploads\/2025\/01\/0-2-768x512.gif 768w\" sizes=\"(max-width: 300px) 100vw, 300px\" \/><\/a><\/div>\n","protected":false},"excerpt":{"rendered":"<p>Hoy, martes 14 de enero, la Gobernadora de Alta Verapaz lider\u00f3 importantes reuniones interinstitucionales: CONRED: Se discutieron estrategias clave para la preparaci\u00f3n y respuesta ante emergencias en el 2025, garantizando la seguridad de nuestras comunidades. SEGEPLAN: Se trabaj\u00f3 en la gesti\u00f3n y planificaci\u00f3n estrat\u00e9gica para impulsar el desarrollo sostenible del departamento. &nbsp;<\/p>\n","protected":false},"author":1,"featured_media":21238,"comment_status":"closed","ping_status":"open","sticky":false,"template":"","format":"video","meta":[],"categories":[194],"tags":[178],"_links":{"self":[{"href":"https:\/\/gobernacionaltaverapaz.gob.gt\/index.php?rest_route=\/wp\/v2\/posts\/21244"}],"collection":[{"href":"https:\/\/gobernacionaltaverapaz.gob.gt\/index.php?rest_route=\/wp\/v2\/posts"}],"about":[{"href":"https:\/\/gobernacionaltaverapaz.gob.gt\/index.php?rest_route=\/wp\/v2\/types\/post"}],"author":[{"embeddable":true,"href":"https:\/\/gobernacionaltaverapaz.gob.gt\/index.php?rest_route=\/wp\/v2\/users\/1"}],"replies":[{"embeddable":true,"href":"https:\/\/gobernacionaltaverapaz.gob.gt\/index.php?rest_route=%2Fwp%2Fv2%2Fcomments&post=21244"}],"version-history":[{"count":4,"href":"https:\/\/gobernacionaltaverapaz.gob.gt\/index.php?rest_route=\/wp\/v2\/posts\/21244\/revisions"}],"predecessor-version":[{"id":21249,"href":"https:\/\/gobernacionaltaverapaz.gob.gt\/index.php?rest_route=\/wp\/v2\/posts\/21244\/revisions\/21249"}],"wp:featuredmedia":[{"embeddable":true,"href":"https:\/\/gobernacionaltaverapaz.gob.gt\/index.php?rest_route=\/wp\/v2\/media\/21238"}],"wp:attachment":[{"href":"https:\/\/gobernacionaltaverapaz.gob.gt\/index.php?rest_route=%2Fwp%2Fv2%2Fmedia&parent=21244"}],"wp:term":[{"taxonomy":"category","embeddable":true,"href":"https:\/\/gobernacionaltaverapaz.gob.gt\/index.php?rest_route=%2Fwp%2Fv2%2Fcategories&post=21244"},{"taxonomy":"post_tag","embeddable":true,"href":"https:\/\/gobernacionaltaverapaz.gob.gt\/index.php?rest_route=%2Fwp%2Fv2%2Ftags&post=21244"}],"curies":[{"name":"wp","href":"https:\/\/api.w.org\/{rel}","templated":true}]}}