{"id":21263,"date":"2025-01-16T12:33:40","date_gmt":"2025-01-16T18:33:40","guid":{"rendered":"https:\/\/gobernacionaltaverapaz.gob.gt\/?p=21263"},"modified":"2025-01-17T16:18:51","modified_gmt":"2025-01-17T22:18:51","slug":"inauguracion-de-la-estacion-de-bomberos-municipales-departamentales-no-133","status":"publish","type":"post","link":"https:\/\/gobernacionaltaverapaz.gob.gt\/?p=21263","title":{"rendered":"Inauguraci\u00f3n de la Estaci\u00f3n de Bomberos Municipales Departamentales No. 133"},"content":{"rendered":"<div class=\"x11i5rnm xat24cr x1mh8g0r x1vvkbs xtlvy1s x126k92a\">\n<div dir=\"auto\" style=\"text-align: justify;\">El pasado mi\u00e9rcoles 15 de enero, Cahab\u00f3n vivi\u00f3 un momento hist\u00f3rico con la inauguraci\u00f3n de la Estaci\u00f3n de Bomberos Municipales Departamentales No. 133. El evento cont\u00f3 con la presencia de la Gobernadora Departamental de Alta Verapaz, Dilia Margarita C\u00f3 Coy, quien se uni\u00f3 al Se\u00f1or Alcalde Municipal, el Honorable Consejo, las Autoridades Superiores de ASONBOMD, COCODES, alcaldes auxiliares y vecinos de la comunidad.<\/div>\n<\/div>\n<div class=\"x11i5rnm xat24cr x1mh8g0r x1vvkbs xtlvy1s x126k92a\" style=\"text-align: justify;\">\n<div dir=\"auto\">Durante el acto, el Se\u00f1or Alcalde comparti\u00f3 los resultados de su primer a\u00f1o de gesti\u00f3n, resaltando el compromiso con el desarrollo y la seguridad del municipio. Por su parte, la Gobernadora felicit\u00f3 este importante avance, destacando que la nueva estaci\u00f3n brindar\u00e1 atenci\u00f3n a la poblaci\u00f3n las 24 horas del d\u00eda.<\/div>\n<\/div>\n<div class=\"x11i5rnm xat24cr x1mh8g0r x1vvkbs xtlvy1s x126k92a\">\n<div dir=\"auto\" style=\"text-align: justify;\">Este logro marca un paso firme hacia un Cahab\u00f3n m\u00e1s seguro y preparado, demostrando que juntos se construye un mejor futuro para todos.<\/div>\n<\/div>\n<p>&nbsp;<\/p>\n<div><\/div>\n<p>&nbsp;<\/p>\n<p>&nbsp;<\/p>\n<p>&nbsp;<\/p>\n<p><a href=\"https:\/\/www.facebook.com\/GobernacionAV?__cft__[0]=AZXznciT7wTHJRAjw_KgLgjo9bjICE5hxpU70JWQ6ukqAc6xKxo_C1ErcxN-BNP94WdULgYipdbQ1FBI_T5OogGAqrQ0qmvgM9VwsVa1XclsgZtj6Zxt7-dSTRqPjE5yw0Yh3yoJKHQKGNPRfZtSeBWK82bjSq_LxdidP3aemWlRgkj6YPDeS_Xz3gb710Y_1aSPCOBLaHgyo-oodFebeHYm&amp;__cft__[1]=AZXznciT7wTHJRAjw_KgLgjo9bjICE5hxpU70JWQ6ukqAc6xKxo_C1ErcxN-BNP94WdULgYipdbQ1FBI_T5OogGAqrQ0qmvgM9VwsVa1XclsgZtj6Zxt7-dSTRqPjE5yw0Yh3yoJKHQKGNPRfZtSeBWK82bjSq_LxdidP3aemWlRgkj6YPDeS_Xz3gb710Y_1aSPCOBLaHgyo-oodFebeHYm&amp;__tn__=-]H-R\"><img decoding=\"async\" loading=\"lazy\" class=\"alignnone wp-image-21264 size-medium\" title=\"Ver video en Facebook\" src=\"https:\/\/gobernacionaltaverapaz.gob.gt\/wp-content\/uploads\/2025\/01\/0-3-300x200.gif\" alt=\"\" width=\"300\" height=\"200\" srcset=\"https:\/\/gobernacionaltaverapaz.gob.gt\/wp-content\/uploads\/2025\/01\/0-3-300x200.gif 300w, https:\/\/gobernacionaltaverapaz.gob.gt\/wp-content\/uploads\/2025\/01\/0-3-768x512.gif 768w\" sizes=\"(max-width: 300px) 100vw, 300px\" \/><\/a><\/p>\n","protected":false},"excerpt":{"rendered":"<p>El pasado mi\u00e9rcoles 15 de enero, Cahab\u00f3n vivi\u00f3 un momento hist\u00f3rico con la inauguraci\u00f3n de la Estaci\u00f3n de Bomberos Municipales Departamentales No. 133. El evento cont\u00f3 con la presencia de la Gobernadora Departamental de Alta Verapaz, Dilia Margarita C\u00f3 Coy, quien se uni\u00f3 al Se\u00f1or Alcalde Municipal, el Honorable Consejo, las Autoridades Superiores de ASONBOMD, [&hellip;]<\/p>\n","protected":false},"author":1,"featured_media":21250,"comment_status":"closed","ping_status":"open","sticky":false,"template":"","format":"gallery","meta":[],"categories":[183],"tags":[178],"_links":{"self":[{"href":"https:\/\/gobernacionaltaverapaz.gob.gt\/index.php?rest_route=\/wp\/v2\/posts\/21263"}],"collection":[{"href":"https:\/\/gobernacionaltaverapaz.gob.gt\/index.php?rest_route=\/wp\/v2\/posts"}],"about":[{"href":"https:\/\/gobernacionaltaverapaz.gob.gt\/index.php?rest_route=\/wp\/v2\/types\/post"}],"author":[{"embeddable":true,"href":"https:\/\/gobernacionaltaverapaz.gob.gt\/index.php?rest_route=\/wp\/v2\/users\/1"}],"replies":[{"embeddable":true,"href":"https:\/\/gobernacionaltaverapaz.gob.gt\/index.php?rest_route=%2Fwp%2Fv2%2Fcomments&post=21263"}],"version-history":[{"count":1,"href":"https:\/\/gobernacionaltaverapaz.gob.gt\/index.php?rest_route=\/wp\/v2\/posts\/21263\/revisions"}],"predecessor-version":[{"id":21265,"href":"https:\/\/gobernacionaltaverapaz.gob.gt\/index.php?rest_route=\/wp\/v2\/posts\/21263\/revisions\/21265"}],"wp:featuredmedia":[{"embeddable":true,"href":"https:\/\/gobernacionaltaverapaz.gob.gt\/index.php?rest_route=\/wp\/v2\/media\/21250"}],"wp:attachment":[{"href":"https:\/\/gobernacionaltaverapaz.gob.gt\/index.php?rest_route=%2Fwp%2Fv2%2Fmedia&parent=21263"}],"wp:term":[{"taxonomy":"category","embeddable":true,"href":"https:\/\/gobernacionaltaverapaz.gob.gt\/index.php?rest_route=%2Fwp%2Fv2%2Fcategories&post=21263"},{"taxonomy":"post_tag","embeddable":true,"href":"https:\/\/gobernacionaltaverapaz.gob.gt\/index.php?rest_route=%2Fwp%2Fv2%2Ftags&post=21263"}],"curies":[{"name":"wp","href":"https:\/\/api.w.org\/{rel}","templated":true}]}}