{"id":21269,"date":"2025-01-16T13:33:35","date_gmt":"2025-01-16T19:33:35","guid":{"rendered":"https:\/\/gobernacionaltaverapaz.gob.gt\/?p=21269"},"modified":"2025-01-17T16:36:14","modified_gmt":"2025-01-17T22:36:14","slug":"gobernadora-departamental-visito-el-municipio-de-san-agustin-lanquin-para-reunirse-con-las-autoridades-locales-y-evaluar-los-avances-en-la-gestion-municipal","status":"publish","type":"post","link":"https:\/\/gobernacionaltaverapaz.gob.gt\/?p=21269","title":{"rendered":"Reuni\u00f3n en el municipio de San Agust\u00edn Lanqu\u00edn para evaluar los avances en la gesti\u00f3n municipal"},"content":{"rendered":"<div class=\"xdj266r x11i5rnm xat24cr x1mh8g0r x1vvkbs x126k92a\">\n<div dir=\"auto\" style=\"text-align: justify;\">\n<div class=\"xdj266r x11i5rnm xat24cr x1mh8g0r x1vvkbs x126k92a\">\n<div dir=\"auto\" style=\"text-align: justify;\">La Gobernadora Departamental visit\u00f3 el municipio de San Agust\u00edn Lanqu\u00edn para reunirse con las autoridades locales y evaluar los avances en la gesti\u00f3n municipal.<\/div>\n<\/div>\n<div class=\"x11i5rnm xat24cr x1mh8g0r x1vvkbs xtlvy1s x126k92a\" style=\"text-align: justify;\">\n<div dir=\"auto\">Este acompa\u00f1amiento reafirma el compromiso de trabajar unidos por el desarrollo y bienestar de nuestras comunidades.<\/div>\n<\/div>\n<div dir=\"auto\" style=\"text-align: justify;\"><\/div>\n<div class=\"x11i5rnm xat24cr x1mh8g0r x1vvkbs xtlvy1s x126k92a\" style=\"text-align: justify;\">\n<div dir=\"auto\">\u00a1Juntos seguimos construyendo un mejor futuro para Alta Verapaz!<\/div>\n<\/div>\n<\/div>\n<\/div>\n<p>&nbsp;<\/p>\n<p>&nbsp;<\/p>\n<div><\/div>\n<p>&nbsp;<\/p>\n<p>&nbsp;<\/p>\n<p><a href=\"https:\/\/www.facebook.com\/GobernacionAV?__cft__[0]=AZX4mfpA_fpk3Ch5EKGXJdYgYvcjUHJcUEQopAMdIucMJWCvvIC94Py1Xv2no0F7-VfPMmWw1naMpokJ_U3fOut-oEaEVrbRTCUzXGbNpTN-wa36ElWNYxkrlvhPsKwPP1SdReoGtaxL0yZujkhoVfnOucVOj8ryeF_xUZP4ukBjTu5zINjMTRqli6_DFcPWcxENB7UG_sxSuQDBuXItE9he&amp;__cft__[1]=AZX4mfpA_fpk3Ch5EKGXJdYgYvcjUHJcUEQopAMdIucMJWCvvIC94Py1Xv2no0F7-VfPMmWw1naMpokJ_U3fOut-oEaEVrbRTCUzXGbNpTN-wa36ElWNYxkrlvhPsKwPP1SdReoGtaxL0yZujkhoVfnOucVOj8ryeF_xUZP4ukBjTu5zINjMTRqli6_DFcPWcxENB7UG_sxSuQDBuXItE9he&amp;__tn__=-]H-R\"><img decoding=\"async\" loading=\"lazy\" class=\"alignnone wp-image-21270 size-medium\" title=\"Ver video en Facebook\" src=\"https:\/\/gobernacionaltaverapaz.gob.gt\/wp-content\/uploads\/2025\/01\/0-4-300x200.gif\" alt=\"\" width=\"300\" height=\"200\" srcset=\"https:\/\/gobernacionaltaverapaz.gob.gt\/wp-content\/uploads\/2025\/01\/0-4-300x200.gif 300w, https:\/\/gobernacionaltaverapaz.gob.gt\/wp-content\/uploads\/2025\/01\/0-4-768x512.gif 768w\" sizes=\"(max-width: 300px) 100vw, 300px\" \/><\/a><\/p>\n","protected":false},"excerpt":{"rendered":"<p>La Gobernadora Departamental visit\u00f3 el municipio de San Agust\u00edn Lanqu\u00edn para reunirse con las autoridades locales y evaluar los avances en la gesti\u00f3n municipal. Este acompa\u00f1amiento reafirma el compromiso de trabajar unidos por el desarrollo y bienestar de nuestras comunidades. \u00a1Juntos seguimos construyendo un mejor futuro para Alta Verapaz! &nbsp; &nbsp; &nbsp; &nbsp;<\/p>\n","protected":false},"author":1,"featured_media":21271,"comment_status":"closed","ping_status":"open","sticky":false,"template":"","format":"gallery","meta":[],"categories":[194],"tags":[178],"_links":{"self":[{"href":"https:\/\/gobernacionaltaverapaz.gob.gt\/index.php?rest_route=\/wp\/v2\/posts\/21269"}],"collection":[{"href":"https:\/\/gobernacionaltaverapaz.gob.gt\/index.php?rest_route=\/wp\/v2\/posts"}],"about":[{"href":"https:\/\/gobernacionaltaverapaz.gob.gt\/index.php?rest_route=\/wp\/v2\/types\/post"}],"author":[{"embeddable":true,"href":"https:\/\/gobernacionaltaverapaz.gob.gt\/index.php?rest_route=\/wp\/v2\/users\/1"}],"replies":[{"embeddable":true,"href":"https:\/\/gobernacionaltaverapaz.gob.gt\/index.php?rest_route=%2Fwp%2Fv2%2Fcomments&post=21269"}],"version-history":[{"count":4,"href":"https:\/\/gobernacionaltaverapaz.gob.gt\/index.php?rest_route=\/wp\/v2\/posts\/21269\/revisions"}],"predecessor-version":[{"id":21275,"href":"https:\/\/gobernacionaltaverapaz.gob.gt\/index.php?rest_route=\/wp\/v2\/posts\/21269\/revisions\/21275"}],"wp:featuredmedia":[{"embeddable":true,"href":"https:\/\/gobernacionaltaverapaz.gob.gt\/index.php?rest_route=\/wp\/v2\/media\/21271"}],"wp:attachment":[{"href":"https:\/\/gobernacionaltaverapaz.gob.gt\/index.php?rest_route=%2Fwp%2Fv2%2Fmedia&parent=21269"}],"wp:term":[{"taxonomy":"category","embeddable":true,"href":"https:\/\/gobernacionaltaverapaz.gob.gt\/index.php?rest_route=%2Fwp%2Fv2%2Fcategories&post=21269"},{"taxonomy":"post_tag","embeddable":true,"href":"https:\/\/gobernacionaltaverapaz.gob.gt\/index.php?rest_route=%2Fwp%2Fv2%2Ftags&post=21269"}],"curies":[{"name":"wp","href":"https:\/\/api.w.org\/{rel}","templated":true}]}}