{"id":21295,"date":"2025-01-20T16:23:34","date_gmt":"2025-01-20T22:23:34","guid":{"rendered":"https:\/\/gobernacionaltaverapaz.gob.gt\/?p=21295"},"modified":"2025-01-21T15:37:58","modified_gmt":"2025-01-21T21:37:58","slug":"primera-firma-de-convenios-2025","status":"publish","type":"post","link":"https:\/\/gobernacionaltaverapaz.gob.gt\/?p=21295","title":{"rendered":"Primera Firma de Convenios 2025"},"content":{"rendered":"<div class=\"x11i5rnm xat24cr x1mh8g0r x1vvkbs xtlvy1s x126k92a\">\n<div dir=\"auto\" style=\"text-align: justify;\">Hoy, 20 de enero, la Gobernadora Departamental de Alta Verapaz, Dilia Margarita C\u00f3 Coy, el alcalde de Senah\u00fa, Rolando Maquin Caal, y el alcalde de Fray Bartolom\u00e9 de las Casas Walther Estuardo Ayala participaron en la primera firma de convenios de proyectos de FONPETROL, que de acuerdo al articulo 3 de la Ley del Fondo para el Desarrollo Econ\u00f3mico de la Naci\u00f3n, Decreto N\u00famero 71-2008, estos son recaudados a trav\u00e9s de las regal\u00edas provenientes de los contratos de operaciones petroleras.<\/div>\n<\/div>\n<div class=\"x11i5rnm xat24cr x1mh8g0r x1vvkbs xtlvy1s x126k92a\">\n<div dir=\"auto\" style=\"text-align: justify;\">Y de acuerdo al articulo 6 de la misma Ley, dentro de la distribuci\u00f3n se le asigna el 5% a los Consejos Departamentales de Desarrollo, de acuerdo al numero de habitantes, para la realizaci\u00f3n de distintos proyectos que mejoren la calidad de vida de la poblaci\u00f3n, marcando un compromiso firme con el desarrollo de sus municipios.<\/div>\n<\/div>\n<p>&nbsp;<\/p>\n<div><\/div>\n<div>\n<div><\/div>\n<\/div>\n<div><\/div>\n<div><\/div>\n<div><\/div>\n<div><\/div>\n<div><\/div>\n<div><a href=\"https:\/\/www.facebook.com\/GobernacionAV?__cft__[0]=AZUZ5RSnXoPfyZaLwEnyHdD68zAS4mlEHsjYEMdNzgLMJTwyvvFsngv-Rj_ivgLlXRv_81aV7HQgtdY0L3nA7-ui2bfyZDsPEd7vU9TnjW9enYqBCG9u5qsc_essNe_vKG_wawRgeTQXHmstah7A4M_XYkFvzzLtoXrqEN8vVBdALT-OnvTakjm9b97EBalMqOyeAwgbEcU_lIc2GB_9hsTp&amp;__cft__[1]=AZUZ5RSnXoPfyZaLwEnyHdD68zAS4mlEHsjYEMdNzgLMJTwyvvFsngv-Rj_ivgLlXRv_81aV7HQgtdY0L3nA7-ui2bfyZDsPEd7vU9TnjW9enYqBCG9u5qsc_essNe_vKG_wawRgeTQXHmstah7A4M_XYkFvzzLtoXrqEN8vVBdALT-OnvTakjm9b97EBalMqOyeAwgbEcU_lIc2GB_9hsTp&amp;__tn__=-]H-R\"><img decoding=\"async\" loading=\"lazy\" class=\"wp-image-21296 size-medium alignleft\" title=\"Ver video en Facebook\" src=\"https:\/\/gobernacionaltaverapaz.gob.gt\/wp-content\/uploads\/2025\/01\/0-6-300x200.gif\" alt=\"\" width=\"300\" height=\"200\" srcset=\"https:\/\/gobernacionaltaverapaz.gob.gt\/wp-content\/uploads\/2025\/01\/0-6-300x200.gif 300w, https:\/\/gobernacionaltaverapaz.gob.gt\/wp-content\/uploads\/2025\/01\/0-6-768x512.gif 768w\" sizes=\"(max-width: 300px) 100vw, 300px\" \/><\/a><\/div>\n","protected":false},"excerpt":{"rendered":"<p>Hoy, 20 de enero, la Gobernadora Departamental de Alta Verapaz, Dilia Margarita C\u00f3 Coy, el alcalde de Senah\u00fa, Rolando Maquin Caal, y el alcalde de Fray Bartolom\u00e9 de las Casas Walther Estuardo Ayala participaron en la primera firma de convenios de proyectos de FONPETROL, que de acuerdo al articulo 3 de la Ley del Fondo [&hellip;]<\/p>\n","protected":false},"author":1,"featured_media":21290,"comment_status":"closed","ping_status":"open","sticky":false,"template":"","format":"video","meta":[],"categories":[183],"tags":[178],"_links":{"self":[{"href":"https:\/\/gobernacionaltaverapaz.gob.gt\/index.php?rest_route=\/wp\/v2\/posts\/21295"}],"collection":[{"href":"https:\/\/gobernacionaltaverapaz.gob.gt\/index.php?rest_route=\/wp\/v2\/posts"}],"about":[{"href":"https:\/\/gobernacionaltaverapaz.gob.gt\/index.php?rest_route=\/wp\/v2\/types\/post"}],"author":[{"embeddable":true,"href":"https:\/\/gobernacionaltaverapaz.gob.gt\/index.php?rest_route=\/wp\/v2\/users\/1"}],"replies":[{"embeddable":true,"href":"https:\/\/gobernacionaltaverapaz.gob.gt\/index.php?rest_route=%2Fwp%2Fv2%2Fcomments&post=21295"}],"version-history":[{"count":2,"href":"https:\/\/gobernacionaltaverapaz.gob.gt\/index.php?rest_route=\/wp\/v2\/posts\/21295\/revisions"}],"predecessor-version":[{"id":21298,"href":"https:\/\/gobernacionaltaverapaz.gob.gt\/index.php?rest_route=\/wp\/v2\/posts\/21295\/revisions\/21298"}],"wp:featuredmedia":[{"embeddable":true,"href":"https:\/\/gobernacionaltaverapaz.gob.gt\/index.php?rest_route=\/wp\/v2\/media\/21290"}],"wp:attachment":[{"href":"https:\/\/gobernacionaltaverapaz.gob.gt\/index.php?rest_route=%2Fwp%2Fv2%2Fmedia&parent=21295"}],"wp:term":[{"taxonomy":"category","embeddable":true,"href":"https:\/\/gobernacionaltaverapaz.gob.gt\/index.php?rest_route=%2Fwp%2Fv2%2Fcategories&post=21295"},{"taxonomy":"post_tag","embeddable":true,"href":"https:\/\/gobernacionaltaverapaz.gob.gt\/index.php?rest_route=%2Fwp%2Fv2%2Ftags&post=21295"}],"curies":[{"name":"wp","href":"https:\/\/api.w.org\/{rel}","templated":true}]}}