{"id":21312,"date":"2025-01-20T16:36:19","date_gmt":"2025-01-20T22:36:19","guid":{"rendered":"https:\/\/gobernacionaltaverapaz.gob.gt\/?p=21312"},"modified":"2025-01-21T15:57:48","modified_gmt":"2025-01-21T21:57:48","slug":"reunion-codred-2025","status":"publish","type":"post","link":"https:\/\/gobernacionaltaverapaz.gob.gt\/?p=21312","title":{"rendered":"Reuni\u00f3n CODRED 2025"},"content":{"rendered":"<div class=\"xdj266r x11i5rnm xat24cr x1mh8g0r x1vvkbs x126k92a\">\n<div dir=\"auto\" style=\"text-align: justify;\">Con el objetivo de fortalecer la prevenci\u00f3n ante desastres naturales la Gobernadora Departamental Dilia Margarita C\u00f3 Coy en su rol de directora de la Coordinadora Departamental para la Reducci\u00f3n de Desastres (CODRED) de Alta Verapaz, sostuvo una reuni\u00f3n con los representantes de las instituciones que forman parte del sistema.<\/div>\n<\/div>\n<div class=\"x11i5rnm xat24cr x1mh8g0r x1vvkbs xtlvy1s x126k92a\" style=\"text-align: justify;\">\n<div dir=\"auto\">El tema principal de la reuni\u00f3n fue explicar el mecanismo de distribuci\u00f3n de la ayuda humanitaria proveniente del Fondo de Desarrollo Social (FODES) que se destinar\u00e1 a las familias m\u00e1s afectadas, utilizando los siguientes criterios:<\/div>\n<div dir=\"auto\">&#8211; Afectaci\u00f3n por el frente fr\u00edo y temporada de lluvias.<\/div>\n<div dir=\"auto\">&#8211; Comunidades de los municipios priorizados por sus altos \u00edndices de desnutrici\u00f3n.<\/div>\n<\/div>\n<div class=\"x11i5rnm xat24cr x1mh8g0r x1vvkbs xtlvy1s x126k92a\" style=\"text-align: justify;\">\n<div dir=\"auto\">Tambi\u00e9n se discuti\u00f3 el nivel de preparaci\u00f3n y mitigaci\u00f3n ante desastres naturales; estrategias de prevenci\u00f3n, respuesta r\u00e1pida y fortalecimiento comunitario para proteger a las comunidades m\u00e1s vulnerables de la poblaci\u00f3n del departamento.<\/div>\n<\/div>\n<div class=\"x11i5rnm xat24cr x1mh8g0r x1vvkbs xtlvy1s x126k92a\">\n<div dir=\"auto\" style=\"text-align: justify;\">Este esfuerzo busca anticiparse a emergencias y salvaguardar la vida de la ciudadan\u00eda.<\/div>\n<\/div>\n<div class=\"x11i5rnm xat24cr x1mh8g0r x1vvkbs xtlvy1s x126k92a\"><\/div>\n<p>&nbsp;<\/p>\n<div><\/div>\n<p>&nbsp;<\/p>\n<p>&nbsp;<\/p>\n<p><a href=\"http:\/https:\/\/www.facebook.com\/GobernacionAV?__cft__[0]=AZWFwgzZ1Jpnwy25eQsgYNTRHik4FyC_zbP-cNn_2YhorD4njLQzCEL-sV9BTeuEvlCuYwj-urcVzF9VWZ4X_B3aqpYz5K8D-XRDsWW95gWJ2w5cy4uUBznEs4gWRr92iHrEWJ7_Q1Xi1YaqL4RQcb5an5McxfruOjfJn3NwIs00oMFkTrPKmGCbQY70l7c0lO_AMWwcV9H6uEejzXWhUVu5&amp;__cft__[1]=AZWFwgzZ1Jpnwy25eQsgYNTRHik4FyC_zbP-cNn_2YhorD4njLQzCEL-sV9BTeuEvlCuYwj-urcVzF9VWZ4X_B3aqpYz5K8D-XRDsWW95gWJ2w5cy4uUBznEs4gWRr92iHrEWJ7_Q1Xi1YaqL4RQcb5an5McxfruOjfJn3NwIs00oMFkTrPKmGCbQY70l7c0lO_AMWwcV9H6uEejzXWhUVu5&amp;__tn__=-]H-R\"><img decoding=\"async\" loading=\"lazy\" class=\"alignnone wp-image-21313 size-medium\" title=\"Ver video en Facebook\" src=\"https:\/\/gobernacionaltaverapaz.gob.gt\/wp-content\/uploads\/2025\/01\/0-7-300x200.gif\" alt=\"\" width=\"300\" height=\"200\" srcset=\"https:\/\/gobernacionaltaverapaz.gob.gt\/wp-content\/uploads\/2025\/01\/0-7-300x200.gif 300w, https:\/\/gobernacionaltaverapaz.gob.gt\/wp-content\/uploads\/2025\/01\/0-7-768x512.gif 768w\" sizes=\"(max-width: 300px) 100vw, 300px\" \/><\/a><\/p>\n","protected":false},"excerpt":{"rendered":"<p>Con el objetivo de fortalecer la prevenci\u00f3n ante desastres naturales la Gobernadora Departamental Dilia Margarita C\u00f3 Coy en su rol de directora de la Coordinadora Departamental para la Reducci\u00f3n de Desastres (CODRED) de Alta Verapaz, sostuvo una reuni\u00f3n con los representantes de las instituciones que forman parte del sistema. El tema principal de la reuni\u00f3n [&hellip;]<\/p>\n","protected":false},"author":1,"featured_media":21307,"comment_status":"closed","ping_status":"open","sticky":false,"template":"","format":"video","meta":[],"categories":[183],"tags":[178],"_links":{"self":[{"href":"https:\/\/gobernacionaltaverapaz.gob.gt\/index.php?rest_route=\/wp\/v2\/posts\/21312"}],"collection":[{"href":"https:\/\/gobernacionaltaverapaz.gob.gt\/index.php?rest_route=\/wp\/v2\/posts"}],"about":[{"href":"https:\/\/gobernacionaltaverapaz.gob.gt\/index.php?rest_route=\/wp\/v2\/types\/post"}],"author":[{"embeddable":true,"href":"https:\/\/gobernacionaltaverapaz.gob.gt\/index.php?rest_route=\/wp\/v2\/users\/1"}],"replies":[{"embeddable":true,"href":"https:\/\/gobernacionaltaverapaz.gob.gt\/index.php?rest_route=%2Fwp%2Fv2%2Fcomments&post=21312"}],"version-history":[{"count":1,"href":"https:\/\/gobernacionaltaverapaz.gob.gt\/index.php?rest_route=\/wp\/v2\/posts\/21312\/revisions"}],"predecessor-version":[{"id":21314,"href":"https:\/\/gobernacionaltaverapaz.gob.gt\/index.php?rest_route=\/wp\/v2\/posts\/21312\/revisions\/21314"}],"wp:featuredmedia":[{"embeddable":true,"href":"https:\/\/gobernacionaltaverapaz.gob.gt\/index.php?rest_route=\/wp\/v2\/media\/21307"}],"wp:attachment":[{"href":"https:\/\/gobernacionaltaverapaz.gob.gt\/index.php?rest_route=%2Fwp%2Fv2%2Fmedia&parent=21312"}],"wp:term":[{"taxonomy":"category","embeddable":true,"href":"https:\/\/gobernacionaltaverapaz.gob.gt\/index.php?rest_route=%2Fwp%2Fv2%2Fcategories&post=21312"},{"taxonomy":"post_tag","embeddable":true,"href":"https:\/\/gobernacionaltaverapaz.gob.gt\/index.php?rest_route=%2Fwp%2Fv2%2Ftags&post=21312"}],"curies":[{"name":"wp","href":"https:\/\/api.w.org\/{rel}","templated":true}]}}