{"id":21318,"date":"2025-01-22T12:30:04","date_gmt":"2025-01-22T18:30:04","guid":{"rendered":"https:\/\/gobernacionaltaverapaz.gob.gt\/?p=21318"},"modified":"2025-01-24T17:20:31","modified_gmt":"2025-01-24T23:20:31","slug":"reunion-junto-al-ministerio-de-ambiente-y-recursos-naturales-marn","status":"publish","type":"post","link":"https:\/\/gobernacionaltaverapaz.gob.gt\/?p=21318","title":{"rendered":"Reuni\u00f3n junto al Ministerio de Ambiente y Recursos Naturales (MARN)"},"content":{"rendered":"<div class=\"xdj266r x11i5rnm xat24cr x1mh8g0r x1vvkbs x126k92a\">\n<div dir=\"auto\" style=\"text-align: justify;\">En una reciente reuni\u00f3n junto al Ministerio de Ambiente y Recursos Naturales (MARN), se abordaron temas clave relacionados con la prevenci\u00f3n y mitigaci\u00f3n de incendios forestales.<\/div>\n<\/div>\n<div class=\"x11i5rnm xat24cr x1mh8g0r x1vvkbs xtlvy1s x126k92a\">\n<div dir=\"auto\" style=\"text-align: justify;\">Durante el encuentro, se present\u00f3 un plan interinstitucional que busca coordinar esfuerzos entre diversas entidades para prevenir y responder de manera efectiva a estos incidentes, priorizando la protecci\u00f3n de los recursos naturales y la seguridad de las comunidades afectadas.<\/div>\n<\/div>\n<div class=\"x11i5rnm xat24cr x1mh8g0r x1vvkbs xtlvy1s x126k92a\"><\/div>\n<p>&nbsp;<\/p>\n<p>&nbsp;<\/p>\n<div><\/div>\n","protected":false},"excerpt":{"rendered":"<p>En una reciente reuni\u00f3n junto al Ministerio de Ambiente y Recursos Naturales (MARN), se abordaron temas clave relacionados con la prevenci\u00f3n y mitigaci\u00f3n de incendios forestales. Durante el encuentro, se present\u00f3 un plan interinstitucional que busca coordinar esfuerzos entre diversas entidades para prevenir y responder de manera efectiva a estos incidentes, priorizando la protecci\u00f3n de [&hellip;]<\/p>\n","protected":false},"author":1,"featured_media":21315,"comment_status":"closed","ping_status":"open","sticky":false,"template":"","format":"gallery","meta":[],"categories":[183,194],"tags":[178],"_links":{"self":[{"href":"https:\/\/gobernacionaltaverapaz.gob.gt\/index.php?rest_route=\/wp\/v2\/posts\/21318"}],"collection":[{"href":"https:\/\/gobernacionaltaverapaz.gob.gt\/index.php?rest_route=\/wp\/v2\/posts"}],"about":[{"href":"https:\/\/gobernacionaltaverapaz.gob.gt\/index.php?rest_route=\/wp\/v2\/types\/post"}],"author":[{"embeddable":true,"href":"https:\/\/gobernacionaltaverapaz.gob.gt\/index.php?rest_route=\/wp\/v2\/users\/1"}],"replies":[{"embeddable":true,"href":"https:\/\/gobernacionaltaverapaz.gob.gt\/index.php?rest_route=%2Fwp%2Fv2%2Fcomments&post=21318"}],"version-history":[{"count":1,"href":"https:\/\/gobernacionaltaverapaz.gob.gt\/index.php?rest_route=\/wp\/v2\/posts\/21318\/revisions"}],"predecessor-version":[{"id":21319,"href":"https:\/\/gobernacionaltaverapaz.gob.gt\/index.php?rest_route=\/wp\/v2\/posts\/21318\/revisions\/21319"}],"wp:featuredmedia":[{"embeddable":true,"href":"https:\/\/gobernacionaltaverapaz.gob.gt\/index.php?rest_route=\/wp\/v2\/media\/21315"}],"wp:attachment":[{"href":"https:\/\/gobernacionaltaverapaz.gob.gt\/index.php?rest_route=%2Fwp%2Fv2%2Fmedia&parent=21318"}],"wp:term":[{"taxonomy":"category","embeddable":true,"href":"https:\/\/gobernacionaltaverapaz.gob.gt\/index.php?rest_route=%2Fwp%2Fv2%2Fcategories&post=21318"},{"taxonomy":"post_tag","embeddable":true,"href":"https:\/\/gobernacionaltaverapaz.gob.gt\/index.php?rest_route=%2Fwp%2Fv2%2Ftags&post=21318"}],"curies":[{"name":"wp","href":"https:\/\/api.w.org\/{rel}","templated":true}]}}