{"id":21334,"date":"2025-01-22T12:30:22","date_gmt":"2025-01-22T18:30:22","guid":{"rendered":"https:\/\/gobernacionaltaverapaz.gob.gt\/?p=21334"},"modified":"2025-01-25T00:00:39","modified_gmt":"2025-01-25T06:00:39","slug":"inicio-al-proyecto-de-mejoramiento-de-camino-rural-en-aldea-tzalam-tactic","status":"publish","type":"post","link":"https:\/\/gobernacionaltaverapaz.gob.gt\/?p=21334","title":{"rendered":"Inicio al proyecto de Mejoramiento de Camino Rural en Aldea Tzalam, Tactic"},"content":{"rendered":"<div class=\"xdj266r x11i5rnm xat24cr x1mh8g0r x1vvkbs x126k92a\">\n<div dir=\"auto\" style=\"text-align: justify;\">El d\u00eda martes 21 de enero, en Aldea Tzalam, Tactic, se dio inicio al proyecto de Mejoramiento de Camino Rural, marcando un avance significativo para la comunidad. Durante la actividad, se coloc\u00f3 la primera piedra, simbolizando el compromiso con el desarrollo de la regi\u00f3n.<\/div>\n<\/div>\n<div class=\"x11i5rnm xat24cr x1mh8g0r x1vvkbs xtlvy1s x126k92a\" style=\"text-align: justify;\">\n<div dir=\"auto\">El evento cont\u00f3 con la presencia de la Gobernadora Departamental, Dilia Margarita C\u00f3 Coy, y el alcalde Edin Guerrero, quienes resaltaron la importancia de esta obra para facilitar el acceso, impulsar la econom\u00eda local y mejorar la calidad de vida de los habitantes.<\/div>\n<\/div>\n<p style=\"text-align: justify;\">\n<p>&nbsp;<\/p>\n<div><\/div>\n","protected":false},"excerpt":{"rendered":"<p>El d\u00eda martes 21 de enero, en Aldea Tzalam, Tactic, se dio inicio al proyecto de Mejoramiento de Camino Rural, marcando un avance significativo para la comunidad. Durante la actividad, se coloc\u00f3 la primera piedra, simbolizando el compromiso con el desarrollo de la regi\u00f3n. El evento cont\u00f3 con la presencia de la Gobernadora Departamental, Dilia [&hellip;]<\/p>\n","protected":false},"author":1,"featured_media":21321,"comment_status":"closed","ping_status":"open","sticky":false,"template":"","format":"gallery","meta":[],"categories":[4],"tags":[178],"_links":{"self":[{"href":"https:\/\/gobernacionaltaverapaz.gob.gt\/index.php?rest_route=\/wp\/v2\/posts\/21334"}],"collection":[{"href":"https:\/\/gobernacionaltaverapaz.gob.gt\/index.php?rest_route=\/wp\/v2\/posts"}],"about":[{"href":"https:\/\/gobernacionaltaverapaz.gob.gt\/index.php?rest_route=\/wp\/v2\/types\/post"}],"author":[{"embeddable":true,"href":"https:\/\/gobernacionaltaverapaz.gob.gt\/index.php?rest_route=\/wp\/v2\/users\/1"}],"replies":[{"embeddable":true,"href":"https:\/\/gobernacionaltaverapaz.gob.gt\/index.php?rest_route=%2Fwp%2Fv2%2Fcomments&post=21334"}],"version-history":[{"count":1,"href":"https:\/\/gobernacionaltaverapaz.gob.gt\/index.php?rest_route=\/wp\/v2\/posts\/21334\/revisions"}],"predecessor-version":[{"id":21335,"href":"https:\/\/gobernacionaltaverapaz.gob.gt\/index.php?rest_route=\/wp\/v2\/posts\/21334\/revisions\/21335"}],"wp:featuredmedia":[{"embeddable":true,"href":"https:\/\/gobernacionaltaverapaz.gob.gt\/index.php?rest_route=\/wp\/v2\/media\/21321"}],"wp:attachment":[{"href":"https:\/\/gobernacionaltaverapaz.gob.gt\/index.php?rest_route=%2Fwp%2Fv2%2Fmedia&parent=21334"}],"wp:term":[{"taxonomy":"category","embeddable":true,"href":"https:\/\/gobernacionaltaverapaz.gob.gt\/index.php?rest_route=%2Fwp%2Fv2%2Fcategories&post=21334"},{"taxonomy":"post_tag","embeddable":true,"href":"https:\/\/gobernacionaltaverapaz.gob.gt\/index.php?rest_route=%2Fwp%2Fv2%2Ftags&post=21334"}],"curies":[{"name":"wp","href":"https:\/\/api.w.org\/{rel}","templated":true}]}}