{"id":21343,"date":"2025-01-23T17:25:15","date_gmt":"2025-01-23T23:25:15","guid":{"rendered":"https:\/\/gobernacionaltaverapaz.gob.gt\/?p=21343"},"modified":"2025-01-25T00:10:44","modified_gmt":"2025-01-25T06:10:44","slug":"reunion-con-los-jefes-institucionales-de-alta-verapaz-para-presentar-los-ejes-de-la-politica-general-de-gobierno","status":"publish","type":"post","link":"https:\/\/gobernacionaltaverapaz.gob.gt\/?p=21343","title":{"rendered":"Reuni\u00f3n con los Jefes Institucionales de Alta Verapaz para presentar los Ejes de la Pol\u00edtica General de Gobierno"},"content":{"rendered":"<div class=\"xdj266r x11i5rnm xat24cr x1mh8g0r x1vvkbs x126k92a\">\n<div dir=\"auto\" style=\"text-align: justify;\">Este jueves 23 de enero, se realiz\u00f3 una reuni\u00f3n con los Jefes Institucionales de Alta Verapaz para presentar los Ejes de la Pol\u00edtica General de Gobierno. Durante el encuentro, se destacaron los siguientes puntos clave:<\/div>\n<\/div>\n<div class=\"x11i5rnm xat24cr x1mh8g0r x1vvkbs xtlvy1s x126k92a\" style=\"text-align: justify;\">\n<div dir=\"auto\">Principales problem\u00e1ticas estructurales:<\/div>\n<\/div>\n<div class=\"x11i5rnm xat24cr x1mh8g0r x1vvkbs xtlvy1s x126k92a\" style=\"text-align: justify;\">\n<div dir=\"auto\">&#8211; Alta incidencia de desnutrici\u00f3n cr\u00f3nica.<\/div>\n<div dir=\"auto\">&#8211; Deficiencias en infraestructura b\u00e1sica.<\/div>\n<div dir=\"auto\">&#8211; Acceso limitado a servicios de salud y educaci\u00f3n.<\/div>\n<div dir=\"auto\">&#8211; Conflictividad social.<\/div>\n<div dir=\"auto\">&#8211; Retos en la conservaci\u00f3n ambiental.<\/div>\n<\/div>\n<div class=\"x11i5rnm xat24cr x1mh8g0r x1vvkbs xtlvy1s x126k92a\" style=\"text-align: justify;\">\n<div dir=\"auto\">Plan de trabajo:<\/div>\n<\/div>\n<div class=\"x11i5rnm xat24cr x1mh8g0r x1vvkbs xtlvy1s x126k92a\" style=\"text-align: justify;\">\n<div dir=\"auto\">&#8211; Responde a las realidades del departamento.<\/div>\n<div dir=\"auto\">&#8211; Incluye l\u00edneas de acci\u00f3n concretas y medibles.<\/div>\n<div dir=\"auto\">&#8211; Establece indicadores claros para mejorar las condiciones de vida.<\/div>\n<div dir=\"auto\">&#8211; Busca garantizar un desarrollo integral y sostenible en Alta Verapaz.<\/div>\n<\/div>\n<div class=\"x11i5rnm xat24cr x1mh8g0r x1vvkbs xtlvy1s x126k92a\">\n<div dir=\"auto\" style=\"text-align: justify;\">El plan de trabajo presentado busca abordar estas realidades mediante l\u00edneas de acci\u00f3n concretas y medibles, estableciendo indicadores que permitan mejorar las condiciones de vida de la poblaci\u00f3n y garantizar un desarrollo integral y sostenible en el departamento.<\/div>\n<\/div>\n<p>&nbsp;<\/p>\n<p>&nbsp;<\/p>\n<div><\/div>\n","protected":false},"excerpt":{"rendered":"<p>Este jueves 23 de enero, se realiz\u00f3 una reuni\u00f3n con los Jefes Institucionales de Alta Verapaz para presentar los Ejes de la Pol\u00edtica General de Gobierno. Durante el encuentro, se destacaron los siguientes puntos clave: Principales problem\u00e1ticas estructurales: &#8211; Alta incidencia de desnutrici\u00f3n cr\u00f3nica. &#8211; Deficiencias en infraestructura b\u00e1sica. &#8211; Acceso limitado a servicios de [&hellip;]<\/p>\n","protected":false},"author":1,"featured_media":21336,"comment_status":"closed","ping_status":"open","sticky":false,"template":"","format":"gallery","meta":[],"categories":[194],"tags":[178],"_links":{"self":[{"href":"https:\/\/gobernacionaltaverapaz.gob.gt\/index.php?rest_route=\/wp\/v2\/posts\/21343"}],"collection":[{"href":"https:\/\/gobernacionaltaverapaz.gob.gt\/index.php?rest_route=\/wp\/v2\/posts"}],"about":[{"href":"https:\/\/gobernacionaltaverapaz.gob.gt\/index.php?rest_route=\/wp\/v2\/types\/post"}],"author":[{"embeddable":true,"href":"https:\/\/gobernacionaltaverapaz.gob.gt\/index.php?rest_route=\/wp\/v2\/users\/1"}],"replies":[{"embeddable":true,"href":"https:\/\/gobernacionaltaverapaz.gob.gt\/index.php?rest_route=%2Fwp%2Fv2%2Fcomments&post=21343"}],"version-history":[{"count":1,"href":"https:\/\/gobernacionaltaverapaz.gob.gt\/index.php?rest_route=\/wp\/v2\/posts\/21343\/revisions"}],"predecessor-version":[{"id":21344,"href":"https:\/\/gobernacionaltaverapaz.gob.gt\/index.php?rest_route=\/wp\/v2\/posts\/21343\/revisions\/21344"}],"wp:featuredmedia":[{"embeddable":true,"href":"https:\/\/gobernacionaltaverapaz.gob.gt\/index.php?rest_route=\/wp\/v2\/media\/21336"}],"wp:attachment":[{"href":"https:\/\/gobernacionaltaverapaz.gob.gt\/index.php?rest_route=%2Fwp%2Fv2%2Fmedia&parent=21343"}],"wp:term":[{"taxonomy":"category","embeddable":true,"href":"https:\/\/gobernacionaltaverapaz.gob.gt\/index.php?rest_route=%2Fwp%2Fv2%2Fcategories&post=21343"},{"taxonomy":"post_tag","embeddable":true,"href":"https:\/\/gobernacionaltaverapaz.gob.gt\/index.php?rest_route=%2Fwp%2Fv2%2Ftags&post=21343"}],"curies":[{"name":"wp","href":"https:\/\/api.w.org\/{rel}","templated":true}]}}