{"id":21355,"date":"2025-01-24T15:38:00","date_gmt":"2025-01-24T21:38:00","guid":{"rendered":"https:\/\/gobernacionaltaverapaz.gob.gt\/?p=21355"},"modified":"2025-01-25T00:54:31","modified_gmt":"2025-01-25T06:54:31","slug":"primera-reunion-ordinaria-2025-de-la-unidad-tecnica-departamental-utd","status":"publish","type":"post","link":"https:\/\/gobernacionaltaverapaz.gob.gt\/?p=21355","title":{"rendered":"Primera Reuni\u00f3n Ordinaria 2025 de la Unidad T\u00e9cnica Departamental (UTD)"},"content":{"rendered":"<div class=\"xdj266r x11i5rnm xat24cr x1mh8g0r x1vvkbs x126k92a\">\n<div dir=\"auto\" style=\"text-align: justify;\">La Primera Reuni\u00f3n Ordinaria 2025 de la Unidad T\u00e9cnica Departamental (UTD) se llev\u00f3 a cabo hoy, 24 de enero de 2025, marcando un inicio estrat\u00e9gico para la gesti\u00f3n y planificaci\u00f3n en el Departamento de Alta Verapaz, en donde el Director Ejecutivo del CODEDE y el Delegado Departamental de SEGEPLAN abordaron temas clave que guiar\u00e1n las acciones en el territorio.<\/div>\n<\/div>\n<div class=\"x11i5rnm xat24cr x1mh8g0r x1vvkbs xtlvy1s x126k92a\" style=\"text-align: justify;\">\n<div dir=\"auto\">Los puntos discutidos fueron:<\/div>\n<\/div>\n<div class=\"x11i5rnm xat24cr x1mh8g0r x1vvkbs xtlvy1s x126k92a\" style=\"text-align: justify;\">\n<div dir=\"auto\">Socializaci\u00f3n de Decretos y Acuerdos Gubernativos, con el objetivo de fortalecer el marco normativo para la toma de decisiones.<\/div>\n<\/div>\n<div class=\"x11i5rnm xat24cr x1mh8g0r x1vvkbs xtlvy1s x126k92a\" style=\"text-align: justify;\">\n<div dir=\"auto\">Responsabilidad y competencia de los entes rectores en la emisi\u00f3n de Avales, Dict\u00e1menes y Resoluciones, garantizando procesos transparentes y eficientes.<\/div>\n<\/div>\n<div class=\"x11i5rnm xat24cr x1mh8g0r x1vvkbs xtlvy1s x126k92a\" style=\"text-align: justify;\">\n<div dir=\"auto\">Procesos de reprogramaci\u00f3n de proyectos 2025, asegurando la continuidad de las iniciativas planificadas.<\/div>\n<\/div>\n<div class=\"x11i5rnm xat24cr x1mh8g0r x1vvkbs xtlvy1s x126k92a\" style=\"text-align: justify;\">\n<div dir=\"auto\">Procesos para la presentaci\u00f3n de propuestas de inversi\u00f3n 2026, enfoc\u00e1ndose en acciones a largo plazo.<\/div>\n<\/div>\n<div class=\"x11i5rnm xat24cr x1mh8g0r x1vvkbs xtlvy1s x126k92a\" style=\"text-align: justify;\">\n<div dir=\"auto\">Presentaci\u00f3n del plan de trabajo departamental 2025, alineado a las prioridades de desarrollo del departamento.<\/div>\n<\/div>\n<div class=\"x11i5rnm xat24cr x1mh8g0r x1vvkbs xtlvy1s x126k92a\" style=\"text-align: justify;\">\n<div dir=\"auto\">Propuesta de inversi\u00f3n para proyectos de agua y saneamiento, derivada de la Agenda Territorial, utilizando fondos ordinarios y extraordinarios del CODEDE.<\/div>\n<div dir=\"auto\">Esta reuni\u00f3n resalt\u00f3 el compromiso de las autoridades con la sostenibilidad y el desarrollo de las comunidades en Alta Verapaz.<\/div>\n<\/div>\n<div class=\"x11i5rnm xat24cr x1mh8g0r x1vvkbs xtlvy1s x126k92a\">\n<div dir=\"auto\" style=\"text-align: justify;\">Esta reuni\u00f3n resalt\u00f3 el compromiso de las autoridades con la sostenibilidad y el desarrollo en Alta Verapaz.<\/div>\n<\/div>\n<p>&nbsp;<\/p>\n<p>&nbsp;<\/p>\n<div><\/div>\n","protected":false},"excerpt":{"rendered":"<p>La Primera Reuni\u00f3n Ordinaria 2025 de la Unidad T\u00e9cnica Departamental (UTD) se llev\u00f3 a cabo hoy, 24 de enero de 2025, marcando un inicio estrat\u00e9gico para la gesti\u00f3n y planificaci\u00f3n en el Departamento de Alta Verapaz, en donde el Director Ejecutivo del CODEDE y el Delegado Departamental de SEGEPLAN abordaron temas clave que guiar\u00e1n las [&hellip;]<\/p>\n","protected":false},"author":1,"featured_media":21345,"comment_status":"closed","ping_status":"open","sticky":false,"template":"","format":"gallery","meta":[],"categories":[194],"tags":[178],"_links":{"self":[{"href":"https:\/\/gobernacionaltaverapaz.gob.gt\/index.php?rest_route=\/wp\/v2\/posts\/21355"}],"collection":[{"href":"https:\/\/gobernacionaltaverapaz.gob.gt\/index.php?rest_route=\/wp\/v2\/posts"}],"about":[{"href":"https:\/\/gobernacionaltaverapaz.gob.gt\/index.php?rest_route=\/wp\/v2\/types\/post"}],"author":[{"embeddable":true,"href":"https:\/\/gobernacionaltaverapaz.gob.gt\/index.php?rest_route=\/wp\/v2\/users\/1"}],"replies":[{"embeddable":true,"href":"https:\/\/gobernacionaltaverapaz.gob.gt\/index.php?rest_route=%2Fwp%2Fv2%2Fcomments&post=21355"}],"version-history":[{"count":1,"href":"https:\/\/gobernacionaltaverapaz.gob.gt\/index.php?rest_route=\/wp\/v2\/posts\/21355\/revisions"}],"predecessor-version":[{"id":21356,"href":"https:\/\/gobernacionaltaverapaz.gob.gt\/index.php?rest_route=\/wp\/v2\/posts\/21355\/revisions\/21356"}],"wp:featuredmedia":[{"embeddable":true,"href":"https:\/\/gobernacionaltaverapaz.gob.gt\/index.php?rest_route=\/wp\/v2\/media\/21345"}],"wp:attachment":[{"href":"https:\/\/gobernacionaltaverapaz.gob.gt\/index.php?rest_route=%2Fwp%2Fv2%2Fmedia&parent=21355"}],"wp:term":[{"taxonomy":"category","embeddable":true,"href":"https:\/\/gobernacionaltaverapaz.gob.gt\/index.php?rest_route=%2Fwp%2Fv2%2Fcategories&post=21355"},{"taxonomy":"post_tag","embeddable":true,"href":"https:\/\/gobernacionaltaverapaz.gob.gt\/index.php?rest_route=%2Fwp%2Fv2%2Ftags&post=21355"}],"curies":[{"name":"wp","href":"https:\/\/api.w.org\/{rel}","templated":true}]}}