{"id":21365,"date":"2025-01-24T17:00:04","date_gmt":"2025-01-24T23:00:04","guid":{"rendered":"https:\/\/gobernacionaltaverapaz.gob.gt\/?p=21365"},"modified":"2025-01-25T16:39:30","modified_gmt":"2025-01-25T22:39:30","slug":"viceministra-de-patrimonio-cultural-y-natural-participo-en-el-lanzamiento-de-la-alianza-nacional","status":"publish","type":"post","link":"https:\/\/gobernacionaltaverapaz.gob.gt\/?p=21365","title":{"rendered":"Viceministra de Patrimonio Cultural y Natural particip\u00f3 en el lanzamiento de la Alianza Nacional"},"content":{"rendered":"<div class=\"xdj266r x11i5rnm xat24cr x1mh8g0r x1vvkbs x126k92a\">\n<div dir=\"auto\" style=\"text-align: justify;\">La viceministra de Patrimonio Cultural y Natural, Laura Cot\u00ed Lux, particip\u00f3 en el lanzamiento de la Alianza Nacional para la Protecci\u00f3n y Restauraci\u00f3n del Patrimonio Natural y Cultural de Guatemala (Gesti\u00f3n del manejo del fuego temporada 2024-2025), realizada en el<span class=\"html-span xdj266r x11i5rnm xat24cr x1mh8g0r xexx8yu x4uap5 x18d9i69 xkhd6sd x1hl2dhg x16tdsg8 x1vvkbs\"><a class=\"x1i10hfl xjbqb8w x1ejq31n xd10rxx x1sy0etr x17r0tee x972fbf xcfux6l x1qhh985 xm0m39n x9f619 x1ypdohk xt0psk2 xe8uvvx xdj266r x11i5rnm xat24cr x1mh8g0r xexx8yu x4uap5 x18d9i69 xkhd6sd x16tdsg8 x1hl2dhg xggy1nq x1a2a7pz x1sur9pj xkrqix3 x1fey0fg x1s688f\" tabindex=\"0\" role=\"link\" href=\"https:\/\/www.facebook.com\/profile.php?id=61556820780994&amp;__cft__[0]=AZWq46T_23p_javclLZ-YPC0f1vAvB-AS9k487dCjaJ8Mdy-TicpyThbYr-FdcBzA5R7p0NNH-VuSMRqI-9lr914lMx6rMbFjzZMElyIcgi141dSXynzvvjupbCNKmIEjBlVscUOClzb_ojPK_hhGHJM72PCQXWKxiELuZZA77OLBiD3gvBcVk6XV54TN5qWddQ7jyFqyD6sFALZ484Qf2BpSxbhzaH8eelzpiRbgds77w&amp;__tn__=-]K-y-R\"><span class=\"xt0psk2\"> Palacio Nacional de la Cultura Guatemal<\/span><\/a><\/span>a.<\/div>\n<\/div>\n<div class=\"x11i5rnm xat24cr x1mh8g0r x1vvkbs xtlvy1s x126k92a\">\n<div dir=\"auto\" style=\"text-align: justify;\">Durante su intervenci\u00f3n la Viceministra enfatiz\u00f3 que \u201choy, m\u00e1s que nunca, necesitamos un enfoque integral y coordinado. La protecci\u00f3n y restauraci\u00f3n de nuestro patrimonio, requiere de un trabajo conjunto entre todas las instituciones del Estado, las organizaciones de la sociedad civil, las comunidades locales, y cada uno de nosotros como ciudadanos responsables.\u201d<\/div>\n<\/div>\n<p>&nbsp;<\/p>\n<div><\/div>\n","protected":false},"excerpt":{"rendered":"<p>La viceministra de Patrimonio Cultural y Natural, Laura Cot\u00ed Lux, particip\u00f3 en el lanzamiento de la Alianza Nacional para la Protecci\u00f3n y Restauraci\u00f3n del Patrimonio Natural y Cultural de Guatemala (Gesti\u00f3n del manejo del fuego temporada 2024-2025), realizada en el Palacio Nacional de la Cultura Guatemala. Durante su intervenci\u00f3n la Viceministra enfatiz\u00f3 que \u201choy, m\u00e1s [&hellip;]<\/p>\n","protected":false},"author":1,"featured_media":21357,"comment_status":"closed","ping_status":"open","sticky":false,"template":"","format":"standard","meta":[],"categories":[183],"tags":[178],"_links":{"self":[{"href":"https:\/\/gobernacionaltaverapaz.gob.gt\/index.php?rest_route=\/wp\/v2\/posts\/21365"}],"collection":[{"href":"https:\/\/gobernacionaltaverapaz.gob.gt\/index.php?rest_route=\/wp\/v2\/posts"}],"about":[{"href":"https:\/\/gobernacionaltaverapaz.gob.gt\/index.php?rest_route=\/wp\/v2\/types\/post"}],"author":[{"embeddable":true,"href":"https:\/\/gobernacionaltaverapaz.gob.gt\/index.php?rest_route=\/wp\/v2\/users\/1"}],"replies":[{"embeddable":true,"href":"https:\/\/gobernacionaltaverapaz.gob.gt\/index.php?rest_route=%2Fwp%2Fv2%2Fcomments&post=21365"}],"version-history":[{"count":2,"href":"https:\/\/gobernacionaltaverapaz.gob.gt\/index.php?rest_route=\/wp\/v2\/posts\/21365\/revisions"}],"predecessor-version":[{"id":21367,"href":"https:\/\/gobernacionaltaverapaz.gob.gt\/index.php?rest_route=\/wp\/v2\/posts\/21365\/revisions\/21367"}],"wp:featuredmedia":[{"embeddable":true,"href":"https:\/\/gobernacionaltaverapaz.gob.gt\/index.php?rest_route=\/wp\/v2\/media\/21357"}],"wp:attachment":[{"href":"https:\/\/gobernacionaltaverapaz.gob.gt\/index.php?rest_route=%2Fwp%2Fv2%2Fmedia&parent=21365"}],"wp:term":[{"taxonomy":"category","embeddable":true,"href":"https:\/\/gobernacionaltaverapaz.gob.gt\/index.php?rest_route=%2Fwp%2Fv2%2Fcategories&post=21365"},{"taxonomy":"post_tag","embeddable":true,"href":"https:\/\/gobernacionaltaverapaz.gob.gt\/index.php?rest_route=%2Fwp%2Fv2%2Ftags&post=21365"}],"curies":[{"name":"wp","href":"https:\/\/api.w.org\/{rel}","templated":true}]}}