{"id":21373,"date":"2025-01-25T10:43:08","date_gmt":"2025-01-25T16:43:08","guid":{"rendered":"https:\/\/gobernacionaltaverapaz.gob.gt\/?p=21373"},"modified":"2025-01-25T17:21:08","modified_gmt":"2025-01-25T23:21:08","slug":"gobernadora-departamental-de-alta-verapaz-sostuvo-una-reunion-de-trabajo-con-el-viceministro-de-infraestructura","status":"publish","type":"post","link":"https:\/\/gobernacionaltaverapaz.gob.gt\/?p=21373","title":{"rendered":"Gobernadora Departamental de Alta Verapaz sostuvo una reuni\u00f3n de trabajo con el Viceministro de Infraestructura"},"content":{"rendered":"<div class=\"xdj266r x11i5rnm xat24cr x1mh8g0r x1vvkbs x126k92a\">\n<div dir=\"auto\" style=\"text-align: justify;\">La Gobernadora Departamental de Alta Verapaz, Dilia Margarita C\u00f3 Coy sostuvo una reuni\u00f3n de trabajo con el Viceministro de Infraestructura, Allan Renand Guevara Hern\u00e1ndez, la tarde del viernes 24 de enero en la ciudad capital para planificar acciones inmediatas que mejoren la red de caminos, carreteras y puentes con riesgo del departamento.<\/div>\n<\/div>\n<div class=\"x11i5rnm xat24cr x1mh8g0r x1vvkbs xtlvy1s x126k92a\" style=\"text-align: justify;\">\n<div dir=\"auto\">Durante la reuni\u00f3n, se present\u00f3 el inventario actualizado de las v\u00edas y los problemas que presentan, identificando las m\u00e1s afectadas y definiendo acciones concretas para las pr\u00f3ximas semanas. Asimismo, se abordaron otros temas relacionados con la infraestructura vial.<\/div>\n<\/div>\n<div class=\"x11i5rnm xat24cr x1mh8g0r x1vvkbs xtlvy1s x126k92a\" style=\"text-align: justify;\">\n<div dir=\"auto\">La Gobernaci\u00f3n Departamental agradece el apoyo y compromiso de la Mesa T\u00e9cnica, conformada por diversas instituciones del departamento, que contribuyeron significativamente a la actualizaci\u00f3n de la informaci\u00f3n y a la evaluaci\u00f3n de carreteras con alto riesgo.<\/div>\n<\/div>\n<div class=\"x11i5rnm xat24cr x1mh8g0r x1vvkbs xtlvy1s x126k92a\" style=\"text-align: justify;\">\n<div dir=\"auto\">Este esfuerzo conjunto evidencia el compromiso de la Gobernadora y de las autoridades competentes por fortalecer la infraestructura vial de Alta Verapaz, garantizando la seguridad y el bienestar de sus habitantes a trav\u00e9s de un trabajo constante y coordinado.<\/div>\n<\/div>\n<p style=\"text-align: justify;\">\n<p>&nbsp;<\/p>\n<div><\/div>\n<p>&nbsp;<\/p>\n","protected":false},"excerpt":{"rendered":"<p>La Gobernadora Departamental de Alta Verapaz, Dilia Margarita C\u00f3 Coy sostuvo una reuni\u00f3n de trabajo con el Viceministro de Infraestructura, Allan Renand Guevara Hern\u00e1ndez, la tarde del viernes 24 de enero en la ciudad capital para planificar acciones inmediatas que mejoren la red de caminos, carreteras y puentes con riesgo del departamento. Durante la reuni\u00f3n, [&hellip;]<\/p>\n","protected":false},"author":1,"featured_media":21368,"comment_status":"closed","ping_status":"open","sticky":false,"template":"","format":"gallery","meta":[],"categories":[194],"tags":[178],"_links":{"self":[{"href":"https:\/\/gobernacionaltaverapaz.gob.gt\/index.php?rest_route=\/wp\/v2\/posts\/21373"}],"collection":[{"href":"https:\/\/gobernacionaltaverapaz.gob.gt\/index.php?rest_route=\/wp\/v2\/posts"}],"about":[{"href":"https:\/\/gobernacionaltaverapaz.gob.gt\/index.php?rest_route=\/wp\/v2\/types\/post"}],"author":[{"embeddable":true,"href":"https:\/\/gobernacionaltaverapaz.gob.gt\/index.php?rest_route=\/wp\/v2\/users\/1"}],"replies":[{"embeddable":true,"href":"https:\/\/gobernacionaltaverapaz.gob.gt\/index.php?rest_route=%2Fwp%2Fv2%2Fcomments&post=21373"}],"version-history":[{"count":1,"href":"https:\/\/gobernacionaltaverapaz.gob.gt\/index.php?rest_route=\/wp\/v2\/posts\/21373\/revisions"}],"predecessor-version":[{"id":21374,"href":"https:\/\/gobernacionaltaverapaz.gob.gt\/index.php?rest_route=\/wp\/v2\/posts\/21373\/revisions\/21374"}],"wp:featuredmedia":[{"embeddable":true,"href":"https:\/\/gobernacionaltaverapaz.gob.gt\/index.php?rest_route=\/wp\/v2\/media\/21368"}],"wp:attachment":[{"href":"https:\/\/gobernacionaltaverapaz.gob.gt\/index.php?rest_route=%2Fwp%2Fv2%2Fmedia&parent=21373"}],"wp:term":[{"taxonomy":"category","embeddable":true,"href":"https:\/\/gobernacionaltaverapaz.gob.gt\/index.php?rest_route=%2Fwp%2Fv2%2Fcategories&post=21373"},{"taxonomy":"post_tag","embeddable":true,"href":"https:\/\/gobernacionaltaverapaz.gob.gt\/index.php?rest_route=%2Fwp%2Fv2%2Ftags&post=21373"}],"curies":[{"name":"wp","href":"https:\/\/api.w.org\/{rel}","templated":true}]}}