{"id":21404,"date":"2025-01-28T15:58:15","date_gmt":"2025-01-28T21:58:15","guid":{"rendered":"https:\/\/gobernacionaltaverapaz.gob.gt\/?p=21404"},"modified":"2025-01-30T13:51:29","modified_gmt":"2025-01-30T19:51:29","slug":"reunion-de-la-gobernadora-con-los-alcaldes-de-carcha-fray-bartolome-de-las-casas-y-cahabon","status":"publish","type":"post","link":"https:\/\/gobernacionaltaverapaz.gob.gt\/?p=21404","title":{"rendered":"Reuni\u00f3n de la Gobernadora con los Alcaldes de Carch\u00e1, Fray Bartolom\u00e9 de Las Casas y Cahab\u00f3n\u2003"},"content":{"rendered":"<div class=\"xdj266r x11i5rnm xat24cr x1mh8g0r x1vvkbs x126k92a\">\n<div dir=\"auto\" style=\"text-align: justify;\">La Gobernadora Departamental de Alta Verapaz, Dilia Margarita Co Coy, encabez\u00f3 una mesa t\u00e9cnica para buscar una ruta de soluci\u00f3n al problema del colapso de la Carretera RN05 y que ha sido el motivo de las manifestaciones de los habitantes del tramo entre Campur y Sebol.<\/div>\n<\/div>\n<div class=\"x11i5rnm xat24cr x1mh8g0r x1vvkbs xtlvy1s x126k92a\" style=\"text-align: justify;\">\n<div dir=\"auto\">Esta dio inicio el d\u00eda lunes en horas de la tarde, con una reuni\u00f3n de la Gobernadora con los alcaldes de Carch\u00e1, Fray Bartolom\u00e9 de Las Casas y Cahab\u00f3n. En la reuni\u00f3n se determin\u00f3 continuar con la presencia del Viceministro de Infraestructura y los l\u00edderes comunitarios de la regi\u00f3n de Campur el martes a las 10:00am.<\/div>\n<\/div>\n<div class=\"x11i5rnm xat24cr x1mh8g0r x1vvkbs xtlvy1s x126k92a\" style=\"text-align: justify;\">\n<div dir=\"auto\">Este martes en horas de la ma\u00f1ana continu\u00f3 la mesa t\u00e9cnica, sin embargo debido a tener dos citaciones en el Congreso el Viceministro de Infraestructura, un equipo encabezado por el Sub Director de la Direcci\u00f3n General de Caminos hizo presencia en su lugar.<\/div>\n<\/div>\n<div class=\"x11i5rnm xat24cr x1mh8g0r x1vvkbs xtlvy1s x126k92a\" style=\"text-align: justify;\">\n<div dir=\"auto\">El equipo t\u00e9cnico del CIV dio a conocer los pormenores y situaci\u00f3n real del proyecto de construcci\u00f3n del tramo Campur- Sebol sin embargo la reuni\u00f3n fue interrumpida, ya que los comunitarios insistieron que sin la presencia del Ministro de Comunicaciones no se llegar\u00eda a un acuerdo concreto.<\/div>\n<\/div>\n<div class=\"x11i5rnm xat24cr x1mh8g0r x1vvkbs xtlvy1s x126k92a\" style=\"text-align: justify;\">\n<div dir=\"auto\">Se tom\u00f3 la decisi\u00f3n de viajar a la ciudad capital para reunirse con el Ministro y el Viceministro de Infraestructura para llevar all\u00ed las demandas de los pobladores. Por lo que los alcaldes y la gobernadora viajaron para la reuni\u00f3n.<\/div>\n<\/div>\n<div class=\"x11i5rnm xat24cr x1mh8g0r x1vvkbs xtlvy1s x126k92a\" style=\"text-align: justify;\">\n<div dir=\"auto\">El acuerdo final de esta mesa t\u00e9cnica trasladada a la ciudad capital fue una reuni\u00f3n con el Ministro y el Viceministro en la que se comprometieron a presentar un plan de trabajo el mi\u00e9rcoles 5 de febrero de 2025.<\/div>\n<\/div>\n<div class=\"x11i5rnm xat24cr x1mh8g0r x1vvkbs xtlvy1s x126k92a\">\n<div dir=\"auto\" style=\"text-align: justify;\">Con este compromiso se refuerza el apoyo a los alcaldes y las comunidades, buscando soluciones concretas y duraderas mediante el trabajo en equipo y la unidad.<\/div>\n<\/div>\n<p>&nbsp;<\/p>\n<p>&nbsp;<\/p>\n<div><\/div>\n","protected":false},"excerpt":{"rendered":"<p>La Gobernadora Departamental de Alta Verapaz, Dilia Margarita Co Coy, encabez\u00f3 una mesa t\u00e9cnica para buscar una ruta de soluci\u00f3n al problema del colapso de la Carretera RN05 y que ha sido el motivo de las manifestaciones de los habitantes del tramo entre Campur y Sebol. Esta dio inicio el d\u00eda lunes en horas de [&hellip;]<\/p>\n","protected":false},"author":1,"featured_media":21391,"comment_status":"closed","ping_status":"open","sticky":false,"template":"","format":"gallery","meta":[],"categories":[194],"tags":[178],"_links":{"self":[{"href":"https:\/\/gobernacionaltaverapaz.gob.gt\/index.php?rest_route=\/wp\/v2\/posts\/21404"}],"collection":[{"href":"https:\/\/gobernacionaltaverapaz.gob.gt\/index.php?rest_route=\/wp\/v2\/posts"}],"about":[{"href":"https:\/\/gobernacionaltaverapaz.gob.gt\/index.php?rest_route=\/wp\/v2\/types\/post"}],"author":[{"embeddable":true,"href":"https:\/\/gobernacionaltaverapaz.gob.gt\/index.php?rest_route=\/wp\/v2\/users\/1"}],"replies":[{"embeddable":true,"href":"https:\/\/gobernacionaltaverapaz.gob.gt\/index.php?rest_route=%2Fwp%2Fv2%2Fcomments&post=21404"}],"version-history":[{"count":1,"href":"https:\/\/gobernacionaltaverapaz.gob.gt\/index.php?rest_route=\/wp\/v2\/posts\/21404\/revisions"}],"predecessor-version":[{"id":21405,"href":"https:\/\/gobernacionaltaverapaz.gob.gt\/index.php?rest_route=\/wp\/v2\/posts\/21404\/revisions\/21405"}],"wp:featuredmedia":[{"embeddable":true,"href":"https:\/\/gobernacionaltaverapaz.gob.gt\/index.php?rest_route=\/wp\/v2\/media\/21391"}],"wp:attachment":[{"href":"https:\/\/gobernacionaltaverapaz.gob.gt\/index.php?rest_route=%2Fwp%2Fv2%2Fmedia&parent=21404"}],"wp:term":[{"taxonomy":"category","embeddable":true,"href":"https:\/\/gobernacionaltaverapaz.gob.gt\/index.php?rest_route=%2Fwp%2Fv2%2Fcategories&post=21404"},{"taxonomy":"post_tag","embeddable":true,"href":"https:\/\/gobernacionaltaverapaz.gob.gt\/index.php?rest_route=%2Fwp%2Fv2%2Ftags&post=21404"}],"curies":[{"name":"wp","href":"https:\/\/api.w.org\/{rel}","templated":true}]}}