{"id":21428,"date":"2025-01-31T15:11:32","date_gmt":"2025-01-31T21:11:32","guid":{"rendered":"https:\/\/gobernacionaltaverapaz.gob.gt\/?p=21428"},"modified":"2025-02-06T19:32:24","modified_gmt":"2025-02-07T01:32:24","slug":"campana-de-prevencion-de-incendios-forestales-en-guatemala-para-la-temporada-2024-2025","status":"publish","type":"post","link":"https:\/\/gobernacionaltaverapaz.gob.gt\/?p=21428","title":{"rendered":"Campa\u00f1a de prevenci\u00f3n de incendios forestales en Guatemala para la temporada 2024-2025"},"content":{"rendered":"<div class=\"xdj266r x11i5rnm xat24cr x1mh8g0r x1vvkbs x126k92a\">\n<div dir=\"auto\" style=\"text-align: justify;\">El 31 de enero se realiz\u00f3 el lanzamiento oficial de la campa\u00f1a de prevenci\u00f3n de incendios forestales en Guatemala para la temporada 2024-2025. Este evento marca el inicio de acciones coordinadas para reducir el riesgo de incendios.<\/div>\n<\/div>\n<div class=\"x11i5rnm xat24cr x1mh8g0r x1vvkbs xtlvy1s x126k92a\" style=\"text-align: justify;\">\n<div dir=\"auto\">Dentro de los puntos claves se destac\u00f3:<\/div>\n<\/div>\n<div class=\"x11i5rnm xat24cr x1mh8g0r x1vvkbs xtlvy1s x126k92a\" style=\"text-align: justify;\">\n<div dir=\"auto\">1. Campa\u00f1a de Concientizaci\u00f3n: Se lanz\u00f3 una campa\u00f1a nacional para informar sobre c\u00f3mo prevenir incendios forestales, usando medios como redes sociales, radio y televisi\u00f3n.<\/div>\n<\/div>\n<div class=\"x11i5rnm xat24cr x1mh8g0r x1vvkbs xtlvy1s x126k92a\" style=\"text-align: justify;\">\n<div dir=\"auto\">2. Coordinaci\u00f3n Interinstitucional: Se reforz\u00f3 la colaboraci\u00f3n entre instituciones, organizaciones y comunidades para una respuesta r\u00e1pida y efectiva.<\/div>\n<\/div>\n<div class=\"x11i5rnm xat24cr x1mh8g0r x1vvkbs xtlvy1s x126k92a\" style=\"text-align: justify;\">\n<div dir=\"auto\">3. Capacitaci\u00f3n de Brigadas: Se continuar\u00e1 con la formaci\u00f3n de brigadas locales en t\u00e9cnicas de control y liquidaci\u00f3n de incendios.<\/div>\n<\/div>\n<div class=\"x11i5rnm xat24cr x1mh8g0r x1vvkbs xtlvy1s x126k92a\" style=\"text-align: justify;\">\n<div dir=\"auto\">4. Sistema de Alertas: Se utilizar\u00e1 un sistema de alertas por colores (verde, amarillo, naranja, rojo) para clasificar la gravedad de los incendios y activar protocolos.<\/div>\n<\/div>\n<div class=\"x11i5rnm xat24cr x1mh8g0r x1vvkbs xtlvy1s x126k92a\" style=\"text-align: justify;\">\n<div dir=\"auto\">5. Participaci\u00f3n Comunitaria: Se destac\u00f3 la importancia de que las comunidades eviten quemas no controladas y reporten incendios.\u00a0 \u00a0 \u00a0 \u00a0 \u00a0 \u00a0 \u00a0 \u00a0 \u00a0 \u00a0 \u00a0 \u00a0 \u00a0 \u00a0 \u00a0 \u00a0 \u00a0 \u00a0 \u00a0 \u00a0 \u00a0 \u00a0 \u00a0 \u00a0 \u00a0 \u00a0 \u00a0 \u00a0 \u00a0 \u00a0 \u00a0 \u00a0 \u00a0 \u00a0 \u00a0 \u00a0 \u00a0 \u00a0 \u00a0 \u00a0 \u00a0 \u00a0 \u00a0 \u00a0 \u00a0 \u00a0 \u00a0 \u00a0 \u00a0 \u00a0 \u00a0 \u00a0 \u00bfPor qu\u00e9 es importante?<\/div>\n<\/div>\n<div class=\"x11i5rnm xat24cr x1mh8g0r x1vvkbs xtlvy1s x126k92a\" style=\"text-align: justify;\">\n<div dir=\"auto\">-Protege bosques y biodiversidad: Evita la destrucci\u00f3n de h\u00e1bitats y reduce el impacto ambiental.<\/div>\n<\/div>\n<div class=\"x11i5rnm xat24cr x1mh8g0r x1vvkbs xtlvy1s x126k92a\" style=\"text-align: justify;\">\n<div dir=\"auto\">-Salva vidas y medios de subsistencia: Reduce el riesgo para las comunidades cercanas a \u00e1reas boscosas.<\/div>\n<\/div>\n<div class=\"x11i5rnm xat24cr x1mh8g0r x1vvkbs xtlvy1s x126k92a\" style=\"text-align: justify;\">\n<div dir=\"auto\">-Combate el cambio clim\u00e1tico: Menos incendios significan menos emisiones contaminantes.<\/div>\n<\/div>\n<div class=\"x11i5rnm xat24cr x1mh8g0r x1vvkbs xtlvy1s x126k92a\" style=\"text-align: justify;\">\n<div dir=\"auto\">\u00bfC\u00f3mo ayudar?<\/div>\n<\/div>\n<div class=\"x11i5rnm xat24cr x1mh8g0r x1vvkbs xtlvy1s x126k92a\" style=\"text-align: justify;\">\n<div dir=\"auto\">-Evita quemas y fogatas en lugares no autorizados.<\/div>\n<\/div>\n<div class=\"x11i5rnm xat24cr x1mh8g0r x1vvkbs xtlvy1s x126k92a\" style=\"text-align: justify;\">\n<div dir=\"auto\">-No tires colillas de cigarro en \u00e1reas boscosas.<\/div>\n<\/div>\n<div class=\"x11i5rnm xat24cr x1mh8g0r x1vvkbs xtlvy1s x126k92a\" style=\"text-align: justify;\">\n<div dir=\"auto\">-Reporta incendios a las autoridades.<\/div>\n<\/div>\n<div class=\"x11i5rnm xat24cr x1mh8g0r x1vvkbs xtlvy1s x126k92a\">\n<div dir=\"auto\" style=\"text-align: justify;\">\u00a1La prevenci\u00f3n es tarea de todos!<\/div>\n<\/div>\n<p>&nbsp;<\/p>\n<p>&nbsp;<\/p>\n<p>&nbsp;<\/p>\n<p>&nbsp;<\/p>\n<p>&nbsp;<\/p>\n<div><\/div>\n","protected":false},"excerpt":{"rendered":"<p>El 31 de enero se realiz\u00f3 el lanzamiento oficial de la campa\u00f1a de prevenci\u00f3n de incendios forestales en Guatemala para la temporada 2024-2025. Este evento marca el inicio de acciones coordinadas para reducir el riesgo de incendios. Dentro de los puntos claves se destac\u00f3: 1. Campa\u00f1a de Concientizaci\u00f3n: Se lanz\u00f3 una campa\u00f1a nacional para informar [&hellip;]<\/p>\n","protected":false},"author":1,"featured_media":21417,"comment_status":"closed","ping_status":"open","sticky":false,"template":"","format":"gallery","meta":[],"categories":[6,197],"tags":[178],"_links":{"self":[{"href":"https:\/\/gobernacionaltaverapaz.gob.gt\/index.php?rest_route=\/wp\/v2\/posts\/21428"}],"collection":[{"href":"https:\/\/gobernacionaltaverapaz.gob.gt\/index.php?rest_route=\/wp\/v2\/posts"}],"about":[{"href":"https:\/\/gobernacionaltaverapaz.gob.gt\/index.php?rest_route=\/wp\/v2\/types\/post"}],"author":[{"embeddable":true,"href":"https:\/\/gobernacionaltaverapaz.gob.gt\/index.php?rest_route=\/wp\/v2\/users\/1"}],"replies":[{"embeddable":true,"href":"https:\/\/gobernacionaltaverapaz.gob.gt\/index.php?rest_route=%2Fwp%2Fv2%2Fcomments&post=21428"}],"version-history":[{"count":1,"href":"https:\/\/gobernacionaltaverapaz.gob.gt\/index.php?rest_route=\/wp\/v2\/posts\/21428\/revisions"}],"predecessor-version":[{"id":21429,"href":"https:\/\/gobernacionaltaverapaz.gob.gt\/index.php?rest_route=\/wp\/v2\/posts\/21428\/revisions\/21429"}],"wp:featuredmedia":[{"embeddable":true,"href":"https:\/\/gobernacionaltaverapaz.gob.gt\/index.php?rest_route=\/wp\/v2\/media\/21417"}],"wp:attachment":[{"href":"https:\/\/gobernacionaltaverapaz.gob.gt\/index.php?rest_route=%2Fwp%2Fv2%2Fmedia&parent=21428"}],"wp:term":[{"taxonomy":"category","embeddable":true,"href":"https:\/\/gobernacionaltaverapaz.gob.gt\/index.php?rest_route=%2Fwp%2Fv2%2Fcategories&post=21428"},{"taxonomy":"post_tag","embeddable":true,"href":"https:\/\/gobernacionaltaverapaz.gob.gt\/index.php?rest_route=%2Fwp%2Fv2%2Ftags&post=21428"}],"curies":[{"name":"wp","href":"https:\/\/api.w.org\/{rel}","templated":true}]}}