{"id":21438,"date":"2025-02-03T22:00:04","date_gmt":"2025-02-04T04:00:04","guid":{"rendered":"https:\/\/gobernacionaltaverapaz.gob.gt\/?p=21438"},"modified":"2025-02-07T09:02:53","modified_gmt":"2025-02-07T15:02:53","slug":"alta-verapaz-impulsa-el-liderazgo-femenino-en-la-musica-sinfonica","status":"publish","type":"post","link":"https:\/\/gobernacionaltaverapaz.gob.gt\/?p=21438","title":{"rendered":"Alta Verapaz impulsa el liderazgo femenino en la m\u00fasica sinf\u00f3nica"},"content":{"rendered":"<div class=\"x11i5rnm xat24cr x1mh8g0r x1vvkbs xtlvy1s x126k92a\">\n<div dir=\"auto\" style=\"text-align: justify;\">El 30 de enero de 2025, representantes de la Casa de la Cultura de Alta Verapaz, la Gobernaci\u00f3n Departamental y el Ministerio de Cultura y Deportes se reunieron en el Sal\u00f3n de las Am\u00e9ricas para fortalecer la colaboraci\u00f3n interinstitucional en un proyecto innovador: la creaci\u00f3n de una Orquesta Sinf\u00f3nica Femenina.<\/div>\n<\/div>\n<div class=\"x11i5rnm xat24cr x1mh8g0r x1vvkbs xtlvy1s x126k92a\" style=\"text-align: justify;\">\n<div dir=\"auto\">Este proyecto tiene como objetivo brindar oportunidades a mujeres talentosas de la regi\u00f3n, fomentando su liderazgo en el \u00e1mbito art\u00edstico y promoviendo la riqueza cultural de Alta Verapaz. Con un gran potencial para formar artistas de renombre nacional e internacional, la Casa de la Cultura se ha consolidado como un espacio clave para el desarrollo del arte y la cultura en el departamento.<\/div>\n<\/div>\n<div class=\"x11i5rnm xat24cr x1mh8g0r x1vvkbs xtlvy1s x126k92a\" style=\"text-align: justify;\">\n<div dir=\"auto\">La alianza con la Gobernaci\u00f3n y el Ministerio de Cultura representa un paso fundamental para hacer realidad este proyecto, que busca empoderar a m\u00e1s mujeres a trav\u00e9s de la m\u00fasica.<\/div>\n<\/div>\n<div class=\"x11i5rnm xat24cr x1mh8g0r x1vvkbs xtlvy1s x126k92a\">\n<div dir=\"auto\" style=\"text-align: justify;\">Juntos construyendo oportunidades para el talento AltaVerapacense.<\/div>\n<\/div>\n<p>&nbsp;<\/p>\n<p>&nbsp;<\/p>\n<div><\/div>\n","protected":false},"excerpt":{"rendered":"<p>El 30 de enero de 2025, representantes de la Casa de la Cultura de Alta Verapaz, la Gobernaci\u00f3n Departamental y el Ministerio de Cultura y Deportes se reunieron en el Sal\u00f3n de las Am\u00e9ricas para fortalecer la colaboraci\u00f3n interinstitucional en un proyecto innovador: la creaci\u00f3n de una Orquesta Sinf\u00f3nica Femenina. Este proyecto tiene como objetivo [&hellip;]<\/p>\n","protected":false},"author":1,"featured_media":21430,"comment_status":"closed","ping_status":"open","sticky":false,"template":"","format":"gallery","meta":[],"categories":[183],"tags":[178],"_links":{"self":[{"href":"https:\/\/gobernacionaltaverapaz.gob.gt\/index.php?rest_route=\/wp\/v2\/posts\/21438"}],"collection":[{"href":"https:\/\/gobernacionaltaverapaz.gob.gt\/index.php?rest_route=\/wp\/v2\/posts"}],"about":[{"href":"https:\/\/gobernacionaltaverapaz.gob.gt\/index.php?rest_route=\/wp\/v2\/types\/post"}],"author":[{"embeddable":true,"href":"https:\/\/gobernacionaltaverapaz.gob.gt\/index.php?rest_route=\/wp\/v2\/users\/1"}],"replies":[{"embeddable":true,"href":"https:\/\/gobernacionaltaverapaz.gob.gt\/index.php?rest_route=%2Fwp%2Fv2%2Fcomments&post=21438"}],"version-history":[{"count":1,"href":"https:\/\/gobernacionaltaverapaz.gob.gt\/index.php?rest_route=\/wp\/v2\/posts\/21438\/revisions"}],"predecessor-version":[{"id":21439,"href":"https:\/\/gobernacionaltaverapaz.gob.gt\/index.php?rest_route=\/wp\/v2\/posts\/21438\/revisions\/21439"}],"wp:featuredmedia":[{"embeddable":true,"href":"https:\/\/gobernacionaltaverapaz.gob.gt\/index.php?rest_route=\/wp\/v2\/media\/21430"}],"wp:attachment":[{"href":"https:\/\/gobernacionaltaverapaz.gob.gt\/index.php?rest_route=%2Fwp%2Fv2%2Fmedia&parent=21438"}],"wp:term":[{"taxonomy":"category","embeddable":true,"href":"https:\/\/gobernacionaltaverapaz.gob.gt\/index.php?rest_route=%2Fwp%2Fv2%2Fcategories&post=21438"},{"taxonomy":"post_tag","embeddable":true,"href":"https:\/\/gobernacionaltaverapaz.gob.gt\/index.php?rest_route=%2Fwp%2Fv2%2Ftags&post=21438"}],"curies":[{"name":"wp","href":"https:\/\/api.w.org\/{rel}","templated":true}]}}