{"id":21440,"date":"2025-02-03T22:51:59","date_gmt":"2025-02-04T04:51:59","guid":{"rendered":"https:\/\/gobernacionaltaverapaz.gob.gt\/?p=21440"},"modified":"2025-02-07T09:17:58","modified_gmt":"2025-02-07T15:17:58","slug":"reunion-con-los-diferentes-actores-que-tienen-relacion-con-el-proyecto-de-carretera-campur-sebol","status":"publish","type":"post","link":"https:\/\/gobernacionaltaverapaz.gob.gt\/?p=21440","title":{"rendered":"Reuni\u00f3n con los diferentes actores que tienen relaci\u00f3n con el Proyecto de Carretera Campur-Sebol"},"content":{"rendered":"<div class=\"xdj266r x11i5rnm xat24cr x1mh8g0r x1vvkbs x126k92a\">\n<div dir=\"auto\" style=\"text-align: justify;\">La tarde de \u00e9ste lunes 3 de febrero la Gobernadora Dilia Margarita C\u00f3 Coy, recibi\u00f3 en el despacho de Gobernaci\u00f3n Departamental de Alta Verapaz a los representantes de las comunidades del \u00e1rea de Campur, quienes informaron de las medidas que tomar\u00e1n este mi\u00e9rcoles 5 de febrero con el objetivo de hacerse escuchar por las autoridades superiores del Ministerio de Comunicaciones.<\/div>\n<\/div>\n<div class=\"x11i5rnm xat24cr x1mh8g0r x1vvkbs xtlvy1s x126k92a\" style=\"text-align: justify;\">\n<div dir=\"auto\">La Gobernadora los llam\u00f3 a la reflexi\u00f3n, haci\u00e9ndoles un llamado a la conciencia, no llegando a los bloqueos, ya que estos afectan al resto de la poblaci\u00f3n y pueden causar m\u00e1s confrontaciones, esto debido a que en esta administraci\u00f3n no se ha agotado el di\u00e1logo y que de forma ordenada se han realizado las gestiones ante el Ministerio de Comunicaciones.<\/div>\n<\/div>\n<div class=\"x11i5rnm xat24cr x1mh8g0r x1vvkbs xtlvy1s x126k92a\" style=\"text-align: justify;\">\n<div dir=\"auto\">Asi mismo solicit\u00f3 que las manifestaciones se hicieran de forma organizada para evitar confrontaciones innecesarias que pusieran en riesgo la integridad de las personas.<\/div>\n<\/div>\n<div class=\"x11i5rnm xat24cr x1mh8g0r x1vvkbs xtlvy1s x126k92a\" style=\"text-align: justify;\">\n<div dir=\"auto\">Por \u00faltimo se comprometi\u00f3 a agotar las gestiones ante el Ministro de Comunicaciones este mi\u00e9rcoles, cuando se realizar\u00e1 la reuni\u00f3n con los diferentes actores que tienen relaci\u00f3n con el Proyecto de Carretera Campur-Sebol.<\/div>\n<\/div>\n<div class=\"x11i5rnm xat24cr x1mh8g0r x1vvkbs xtlvy1s x126k92a\" style=\"text-align: justify;\">\n<div dir=\"auto\">Para poner en contexto a la poblaci\u00f3n el proyecto de Rehabilitaci\u00f3n y Pavimentaci\u00f3n de la Ruta Nacional 05, Tramo II: Campur &#8211; Fray Bartolom\u00e9 de las Casas fue adjudicado en el a\u00f1o 2005 mediante licitaci\u00f3n p\u00fablica internacional (DGC-005-2005-C) al contratista CONCAY, S.A. con un contrato inicial de Q127,982,831.30, con financiamiento proveniente del Banco Centroamericano de Integraci\u00f3n Econ\u00f3mica (BCIE) y fondos nacionales.<\/div>\n<\/div>\n<div class=\"x11i5rnm xat24cr x1mh8g0r x1vvkbs xtlvy1s x126k92a\" style=\"text-align: justify;\">\n<div dir=\"auto\">El objetivo del proyecto es la rehabilitaci\u00f3n del tramo carretero, su ampliaci\u00f3n y pavimentaci\u00f3n en una longitud aproximada de 49.45 kil\u00f3metros, adem\u00e1s de la construcci\u00f3n de drenajes y se\u00f1alizaci\u00f3n vial para garantizar la seguridad de los usuarios.<\/div>\n<\/div>\n<div class=\"x11i5rnm xat24cr x1mh8g0r x1vvkbs xtlvy1s x126k92a\" style=\"text-align: justify;\">\n<div dir=\"auto\">Sin embargo, a lo largo de los 18 a\u00f1os desde la firma del contrato, el proyecto ha experimentado m\u00faltiples retrasos durante 5 gobiernos y 10 ministros de Comunicaciones debido a suspensiones por factores como desfinanciamiento, cambios administrativos y t\u00e9cnicos, lo que ha generado una creciente inconformidad en la poblaci\u00f3n afectada.<\/div>\n<\/div>\n<div class=\"x11i5rnm xat24cr x1mh8g0r x1vvkbs xtlvy1s x126k92a\" style=\"text-align: justify;\">\n<div dir=\"auto\">Actualmente, la obra se encuentra suspendida, con un avance f\u00edsico del 72.32% y un avance financiero del 54.06%, lo que significa y durante este largo per\u00edodo existe un saldo pendiente de pago de Q278,185,669.14 a la empresa constructora.<\/div>\n<\/div>\n<div class=\"x11i5rnm xat24cr x1mh8g0r x1vvkbs xtlvy1s x126k92a\" style=\"text-align: justify;\">\n<div dir=\"auto\">Este es el asunto que requiere una ruta de soluci\u00f3n en la reuni\u00f3n del pr\u00f3ximo mi\u00e9rcoles 5 de febrero.<\/div>\n<\/div>\n<p>&nbsp;<\/p>\n<p>&nbsp;<\/p>\n<div>\n<div><\/div>\n<\/div>\n<p>&nbsp;<\/p>\n<p>&nbsp;<\/p>\n<p>&nbsp;<\/p>\n<p><img decoding=\"async\" loading=\"lazy\" class=\"alignnone wp-image-21441 size-medium\" src=\"https:\/\/gobernacionaltaverapaz.gob.gt\/wp-content\/uploads\/2025\/02\/0-300x200.gif\" alt=\"\" width=\"300\" height=\"200\" srcset=\"https:\/\/gobernacionaltaverapaz.gob.gt\/wp-content\/uploads\/2025\/02\/0-300x200.gif 300w, https:\/\/gobernacionaltaverapaz.gob.gt\/wp-content\/uploads\/2025\/02\/0-768x512.gif 768w\" sizes=\"(max-width: 300px) 100vw, 300px\" \/><\/p>\n","protected":false},"excerpt":{"rendered":"<p>La tarde de \u00e9ste lunes 3 de febrero la Gobernadora Dilia Margarita C\u00f3 Coy, recibi\u00f3 en el despacho de Gobernaci\u00f3n Departamental de Alta Verapaz a los representantes de las comunidades del \u00e1rea de Campur, quienes informaron de las medidas que tomar\u00e1n este mi\u00e9rcoles 5 de febrero con el objetivo de hacerse escuchar por las autoridades [&hellip;]<\/p>\n","protected":false},"author":1,"featured_media":21443,"comment_status":"closed","ping_status":"open","sticky":false,"template":"","format":"gallery","meta":[],"categories":[194],"tags":[178],"_links":{"self":[{"href":"https:\/\/gobernacionaltaverapaz.gob.gt\/index.php?rest_route=\/wp\/v2\/posts\/21440"}],"collection":[{"href":"https:\/\/gobernacionaltaverapaz.gob.gt\/index.php?rest_route=\/wp\/v2\/posts"}],"about":[{"href":"https:\/\/gobernacionaltaverapaz.gob.gt\/index.php?rest_route=\/wp\/v2\/types\/post"}],"author":[{"embeddable":true,"href":"https:\/\/gobernacionaltaverapaz.gob.gt\/index.php?rest_route=\/wp\/v2\/users\/1"}],"replies":[{"embeddable":true,"href":"https:\/\/gobernacionaltaverapaz.gob.gt\/index.php?rest_route=%2Fwp%2Fv2%2Fcomments&post=21440"}],"version-history":[{"count":3,"href":"https:\/\/gobernacionaltaverapaz.gob.gt\/index.php?rest_route=\/wp\/v2\/posts\/21440\/revisions"}],"predecessor-version":[{"id":21448,"href":"https:\/\/gobernacionaltaverapaz.gob.gt\/index.php?rest_route=\/wp\/v2\/posts\/21440\/revisions\/21448"}],"wp:featuredmedia":[{"embeddable":true,"href":"https:\/\/gobernacionaltaverapaz.gob.gt\/index.php?rest_route=\/wp\/v2\/media\/21443"}],"wp:attachment":[{"href":"https:\/\/gobernacionaltaverapaz.gob.gt\/index.php?rest_route=%2Fwp%2Fv2%2Fmedia&parent=21440"}],"wp:term":[{"taxonomy":"category","embeddable":true,"href":"https:\/\/gobernacionaltaverapaz.gob.gt\/index.php?rest_route=%2Fwp%2Fv2%2Fcategories&post=21440"},{"taxonomy":"post_tag","embeddable":true,"href":"https:\/\/gobernacionaltaverapaz.gob.gt\/index.php?rest_route=%2Fwp%2Fv2%2Ftags&post=21440"}],"curies":[{"name":"wp","href":"https:\/\/api.w.org\/{rel}","templated":true}]}}