{"id":21454,"date":"2025-02-04T23:39:45","date_gmt":"2025-02-05T05:39:45","guid":{"rendered":"https:\/\/gobernacionaltaverapaz.gob.gt\/?p=21454"},"modified":"2025-02-07T09:55:06","modified_gmt":"2025-02-07T15:55:06","slug":"fortaleciendo-la-lucha-contra-el-crimen-organizado-y-garantizaran-una-mayor-transparencia-y-eficiencia-en-el-trabajo-policial","status":"publish","type":"post","link":"https:\/\/gobernacionaltaverapaz.gob.gt\/?p=21454","title":{"rendered":"Fortaleciendo la lucha contra el crimen organizado y garantizar\u00e1n una mayor transparencia y eficiencia en el trabajo policial"},"content":{"rendered":"<div class=\"xdj266r x11i5rnm xat24cr x1mh8g0r x1vvkbs x126k92a\"><\/div>\n<div class=\"x11i5rnm xat24cr x1mh8g0r x1vvkbs xtlvy1s x126k92a\">\n<div dir=\"auto\">\n<div class=\"xdj266r x11i5rnm xat24cr x1mh8g0r x1vvkbs x126k92a\">\n<div dir=\"auto\" style=\"text-align: justify;\">Con la gesti\u00f3n de la gobernadora, Dilia Margarita C\u00f3 Coy, ante las m\u00e1ximas autoridades de la Polic\u00eda Nacional Civil (PNC), se logr\u00f3 un avance para la seguridad de nuestro departamento.<\/div>\n<\/div>\n<div class=\"x11i5rnm xat24cr x1mh8g0r x1vvkbs xtlvy1s x126k92a\" style=\"text-align: justify;\">\n<div dir=\"auto\">Luego de reuniones previas con subdirectores y tras una reuni\u00f3n estrat\u00e9gica este martes 4 de febrero con el Director General de la PNC, David Custodio Boteo, y el Subdirector de Operaciones, Esvin Gaspar Jacinto Quich\u00e9, se acord\u00f3 la presencia de dos divisiones clave en Alta Verapaz que se sumar\u00e1n a las ya establecidas:<\/div>\n<\/div>\n<div class=\"x11i5rnm xat24cr x1mh8g0r x1vvkbs xtlvy1s x126k92a\" style=\"text-align: justify;\">\n<div dir=\"auto\">\u00a0Divisi\u00f3n de Fuerzas Especiales de la Polic\u00eda (DIFEP)<\/div>\n<div dir=\"auto\">\u00a0Inspector\u00eda General (IG)<\/div>\n<\/div>\n<div class=\"x11i5rnm xat24cr x1mh8g0r x1vvkbs xtlvy1s x126k92a\" style=\"text-align: justify;\">\n<div dir=\"auto\">Estas divisiones fortalecer\u00e1n la lucha contra el crimen organizado y garantizar\u00e1n una mayor transparencia y eficiencia en el trabajo policial.<\/div>\n<\/div>\n<div class=\"x11i5rnm xat24cr x1mh8g0r x1vvkbs xtlvy1s x126k92a\" style=\"text-align: justify;\">\n<div dir=\"auto\">Adem\u00e1s, para finales de este a\u00f1o se espera la integraci\u00f3n de nuevos polic\u00edas profesionales que se sumar\u00e1n a los esfuerzos de seguridad en nuestro departamento, quienes iniciaron este a\u00f1o su formaci\u00f3n el pasado mes de enero.<\/div>\n<div dir=\"auto\"><span class=\"html-span xdj266r x11i5rnm xat24cr x1mh8g0r xexx8yu x4uap5 x18d9i69 xkhd6sd x1hl2dhg x16tdsg8 x1vvkbs\"><a class=\"x1i10hfl xjbqb8w x1ejq31n xd10rxx x1sy0etr x17r0tee x972fbf xcfux6l x1qhh985 xm0m39n x9f619 x1ypdohk xt0psk2 xe8uvvx xdj266r x11i5rnm xat24cr x1mh8g0r xexx8yu x4uap5 x18d9i69 xkhd6sd x16tdsg8 x1hl2dhg xggy1nq x1a2a7pz x1sur9pj xkrqix3 x1fey0fg x1s688f\" tabindex=\"0\" role=\"link\" href=\"https:\/\/mingob.gob.gt\/formacion-de-nuevos-policias-alumnos-fortalece-capacidades-de-la-pnc\/?fbclid=IwZXh0bgNhZW0CMTAAAR0gYBuFwlzhJzL35ER80pw3dnYUn69FZFVowNPqEPaRawKaGeWm-xK55BU_aem_2uv_yFbpzUGADRWp-TODPQ\" target=\"_blank\" rel=\"nofollow noopener noreferrer\">https:\/\/mingob.gob.gt\/formacion-de-nuevos-policias&#8230;\/<\/a><\/span><\/div>\n<\/div>\n<div class=\"x11i5rnm xat24cr x1mh8g0r x1vvkbs xtlvy1s x126k92a\" style=\"text-align: justify;\">\n<div dir=\"auto\">Este logro es un paso m\u00e1s hacia una Alta Verapaz m\u00e1s segura y protegida. Reafirmamos el compromiso de la Gobernadora y la PNC en esta lucha por el bienestar de todos los altaverapacenses. \u00bfNecesitas reportar alguna irregularidad?<\/div>\n<\/div>\n<div class=\"x11i5rnm xat24cr x1mh8g0r x1vvkbs xtlvy1s x126k92a\" style=\"text-align: justify;\">\n<div dir=\"auto\">La Inspector\u00eda General pone a disposici\u00f3n los n\u00fameros 3032 7356 y 1531 para recibir denuncias sobre irregularidades de agentes.<\/div>\n<\/div>\n<div class=\"x11i5rnm xat24cr x1mh8g0r x1vvkbs xtlvy1s x126k92a\" style=\"text-align: justify;\">\n<div dir=\"auto\">Otras Divisiones que ya tienen presencia en el departamento son:<\/div>\n<\/div>\n<div class=\"x11i5rnm xat24cr x1mh8g0r x1vvkbs xtlvy1s x126k92a\" style=\"text-align: justify;\">\n<div dir=\"auto\">Subdirecci\u00f3n General de Operaciones de la Polic\u00eda Nacional Civil<\/div>\n<div dir=\"auto\">Divisi\u00f3n de Protecci\u00f3n a la Naturaleza (DIPRONA)<\/div>\n<div dir=\"auto\">Divisi\u00f3n de Seguridad Tur\u00edstica (DISETUR)<\/div>\n<\/div>\n<div class=\"x11i5rnm xat24cr x1mh8g0r x1vvkbs xtlvy1s x126k92a\">\n<div dir=\"auto\" style=\"text-align: justify;\">Subdirecci\u00f3n General de Investigaci\u00f3n Criminal<\/div>\n<div dir=\"auto\" style=\"text-align: justify;\">Divisi\u00f3n Especializada en Investigaci\u00f3n Criminal (DEIC)<\/div>\n<div dir=\"auto\" style=\"text-align: justify;\">Divisi\u00f3n Nacional contra el Desarrollo Criminal de las Pandillas(DIPANDA)<\/div>\n<div dir=\"auto\"><\/div>\n<\/div>\n<div class=\"x11i5rnm xat24cr x1mh8g0r x1vvkbs xtlvy1s x126k92a\">\n<div dir=\"auto\">\u00a1Juntos seguiremos construyendo un futuro m\u00e1s seguro!<\/div>\n<\/div>\n<\/div>\n<\/div>\n<p>&nbsp;<\/p>\n<p>&nbsp;<\/p>\n<p>&nbsp;<\/p>\n<p>&nbsp;<\/p>\n<div><\/div>\n","protected":false},"excerpt":{"rendered":"<p>Con la gesti\u00f3n de la gobernadora, Dilia Margarita C\u00f3 Coy, ante las m\u00e1ximas autoridades de la Polic\u00eda Nacional Civil (PNC), se logr\u00f3 un avance para la seguridad de nuestro departamento. Luego de reuniones previas con subdirectores y tras una reuni\u00f3n estrat\u00e9gica este martes 4 de febrero con el Director General de la PNC, David Custodio [&hellip;]<\/p>\n","protected":false},"author":1,"featured_media":21450,"comment_status":"closed","ping_status":"open","sticky":false,"template":"","format":"gallery","meta":[],"categories":[183],"tags":[178],"_links":{"self":[{"href":"https:\/\/gobernacionaltaverapaz.gob.gt\/index.php?rest_route=\/wp\/v2\/posts\/21454"}],"collection":[{"href":"https:\/\/gobernacionaltaverapaz.gob.gt\/index.php?rest_route=\/wp\/v2\/posts"}],"about":[{"href":"https:\/\/gobernacionaltaverapaz.gob.gt\/index.php?rest_route=\/wp\/v2\/types\/post"}],"author":[{"embeddable":true,"href":"https:\/\/gobernacionaltaverapaz.gob.gt\/index.php?rest_route=\/wp\/v2\/users\/1"}],"replies":[{"embeddable":true,"href":"https:\/\/gobernacionaltaverapaz.gob.gt\/index.php?rest_route=%2Fwp%2Fv2%2Fcomments&post=21454"}],"version-history":[{"count":1,"href":"https:\/\/gobernacionaltaverapaz.gob.gt\/index.php?rest_route=\/wp\/v2\/posts\/21454\/revisions"}],"predecessor-version":[{"id":21455,"href":"https:\/\/gobernacionaltaverapaz.gob.gt\/index.php?rest_route=\/wp\/v2\/posts\/21454\/revisions\/21455"}],"wp:featuredmedia":[{"embeddable":true,"href":"https:\/\/gobernacionaltaverapaz.gob.gt\/index.php?rest_route=\/wp\/v2\/media\/21450"}],"wp:attachment":[{"href":"https:\/\/gobernacionaltaverapaz.gob.gt\/index.php?rest_route=%2Fwp%2Fv2%2Fmedia&parent=21454"}],"wp:term":[{"taxonomy":"category","embeddable":true,"href":"https:\/\/gobernacionaltaverapaz.gob.gt\/index.php?rest_route=%2Fwp%2Fv2%2Fcategories&post=21454"},{"taxonomy":"post_tag","embeddable":true,"href":"https:\/\/gobernacionaltaverapaz.gob.gt\/index.php?rest_route=%2Fwp%2Fv2%2Ftags&post=21454"}],"curies":[{"name":"wp","href":"https:\/\/api.w.org\/{rel}","templated":true}]}}