{"id":21464,"date":"2025-02-06T09:40:23","date_gmt":"2025-02-06T15:40:23","guid":{"rendered":"https:\/\/gobernacionaltaverapaz.gob.gt\/?p=21464"},"modified":"2025-02-07T10:22:25","modified_gmt":"2025-02-07T16:22:25","slug":"ministerio-de-cultura-lidera-la-descentralizacion-en-alta-verapaz","status":"publish","type":"post","link":"https:\/\/gobernacionaltaverapaz.gob.gt\/?p=21464","title":{"rendered":"Ministerio de Cultura Lidera la Descentralizaci\u00f3n en Alta Verapaz"},"content":{"rendered":"<div class=\"xdj266r x11i5rnm xat24cr x1mh8g0r x1vvkbs x126k92a\">\n<div dir=\"auto\" style=\"text-align: justify;\">El Ministerio de Cultura y Deportes bajo la direcci\u00f3n de la Ministra Licda. Liwy Grazioso Sierra ha iniciado un proceso de Descentralizaci\u00f3n de los Servicios Culturales hacia la poblaci\u00f3n, en esta l\u00ednea de trabajo la Direcci\u00f3n General de las Artes a cargo de la destacada artista Mar\u00eda Mercedes Arce se reuni\u00f3 con el Alcalde Municipal Felipe Pop y la Gobernadora Dilia Margarita C\u00f3 Coy para trasladar la trascendental noticia de que la Ciudad de Cob\u00e1n, en el departamento de Alta Verapaz ha sido elegido por esta cartera para dar el primer paso de este proceso que se llevar\u00e1 a cabo a nivel nacional.<\/div>\n<\/div>\n<div class=\"x11i5rnm xat24cr x1mh8g0r x1vvkbs xtlvy1s x126k92a\" style=\"text-align: justify;\">\n<div dir=\"auto\">Como una de las primeras iniciativas el maestro Julio Sol\u00f3rzano Foppa dirigir\u00e1 el proyecto de conformaci\u00f3n de la Orquesta Sinf\u00f3nica Femenina y Coro en la ciudad de Cob\u00e1n. Esta iniciativa busca brindar formaci\u00f3n musical profesional a ni\u00f1as y j\u00f3venes mujeres con el objetivo de que no solo tengan una profesi\u00f3n, sino que adem\u00e1s integren un colectivo femenino que las empodere en la regi\u00f3n.<\/div>\n<\/div>\n<div class=\"x11i5rnm xat24cr x1mh8g0r x1vvkbs xtlvy1s x126k92a\" style=\"text-align: justify;\">\n<div dir=\"auto\">La ciudad de Cob\u00e1n fue elegida por diferentes razones y, entre ellas por ser la cabecera de uno de los departamentos en con m\u00e1s altos niveles de pobreza y desigualdad que afecta transversalmente a las mujeres, por lo que se busca por medio de la sinf\u00f3nica, acortar la brecha de desigualdad y disminuir las violencias que las afectan. La diputada Alma Luz Guerrero se ha unido como verapacense y como mujer en esta lucha por las mujeres y apoyando las gestiones en el legislativo e intermediando con las autoridades locales para que este proyecto sea una realidad.<\/div>\n<\/div>\n<div class=\"x11i5rnm xat24cr x1mh8g0r x1vvkbs xtlvy1s x126k92a\" style=\"text-align: justify;\">\n<div dir=\"auto\">Esta Orquesta Sinf\u00f3nica Femenina y Coro estar\u00e1 dirigida exclusivamente por mujeres en el \u00e1rea acad\u00e9mica y administrativa, un hito para el departamento ya que se gestionar\u00e1n mecanismos para facilitar el acceso de ni\u00f1as y mujeres de todos los municipios de Alta Verapaz.<\/div>\n<\/div>\n<div class=\"x11i5rnm xat24cr x1mh8g0r x1vvkbs xtlvy1s x126k92a\" style=\"text-align: justify;\">\n<div dir=\"auto\">Esta visita oficial, busca integrar a TODOS LOS SECTORES de la poblaci\u00f3n en apoyar esta iniciativa. Adem\u00e1s de la formaci\u00f3n de las ni\u00f1as y mujeres j\u00f3venes, se ha revisado el estado de la construcci\u00f3n del Teatro de Cob\u00e1n. Por lo que el Ministerio de Cultura tomar\u00e1 la direcci\u00f3n de este proyecto recuperando la concesi\u00f3n del terreno, por lo que la municipalidad de Cob\u00e1n, se ha comprometido a entregar la concesi\u00f3n y apoyar la construcci\u00f3n del Centro Cultural de Cob\u00e1n.<\/div>\n<\/div>\n<div class=\"x11i5rnm xat24cr x1mh8g0r x1vvkbs xtlvy1s x126k92a\" style=\"text-align: justify;\">\n<div dir=\"auto\">El desarrollo de las artes y las manifestaciones de las diferentes culturas que habitan la regi\u00f3n buscan el fortalecimiento de la identidad que nos une como alta verapacenses, una gesta que forma parte del desarrollo integral del departamento.<\/div>\n<\/div>\n<p>&nbsp;<\/p>\n<div><\/div>\n","protected":false},"excerpt":{"rendered":"<p>El Ministerio de Cultura y Deportes bajo la direcci\u00f3n de la Ministra Licda. Liwy Grazioso Sierra ha iniciado un proceso de Descentralizaci\u00f3n de los Servicios Culturales hacia la poblaci\u00f3n, en esta l\u00ednea de trabajo la Direcci\u00f3n General de las Artes a cargo de la destacada artista Mar\u00eda Mercedes Arce se reuni\u00f3 con el Alcalde Municipal [&hellip;]<\/p>\n","protected":false},"author":1,"featured_media":21456,"comment_status":"closed","ping_status":"open","sticky":false,"template":"","format":"gallery","meta":[],"categories":[194],"tags":[178],"_links":{"self":[{"href":"https:\/\/gobernacionaltaverapaz.gob.gt\/index.php?rest_route=\/wp\/v2\/posts\/21464"}],"collection":[{"href":"https:\/\/gobernacionaltaverapaz.gob.gt\/index.php?rest_route=\/wp\/v2\/posts"}],"about":[{"href":"https:\/\/gobernacionaltaverapaz.gob.gt\/index.php?rest_route=\/wp\/v2\/types\/post"}],"author":[{"embeddable":true,"href":"https:\/\/gobernacionaltaverapaz.gob.gt\/index.php?rest_route=\/wp\/v2\/users\/1"}],"replies":[{"embeddable":true,"href":"https:\/\/gobernacionaltaverapaz.gob.gt\/index.php?rest_route=%2Fwp%2Fv2%2Fcomments&post=21464"}],"version-history":[{"count":1,"href":"https:\/\/gobernacionaltaverapaz.gob.gt\/index.php?rest_route=\/wp\/v2\/posts\/21464\/revisions"}],"predecessor-version":[{"id":21465,"href":"https:\/\/gobernacionaltaverapaz.gob.gt\/index.php?rest_route=\/wp\/v2\/posts\/21464\/revisions\/21465"}],"wp:featuredmedia":[{"embeddable":true,"href":"https:\/\/gobernacionaltaverapaz.gob.gt\/index.php?rest_route=\/wp\/v2\/media\/21456"}],"wp:attachment":[{"href":"https:\/\/gobernacionaltaverapaz.gob.gt\/index.php?rest_route=%2Fwp%2Fv2%2Fmedia&parent=21464"}],"wp:term":[{"taxonomy":"category","embeddable":true,"href":"https:\/\/gobernacionaltaverapaz.gob.gt\/index.php?rest_route=%2Fwp%2Fv2%2Fcategories&post=21464"},{"taxonomy":"post_tag","embeddable":true,"href":"https:\/\/gobernacionaltaverapaz.gob.gt\/index.php?rest_route=%2Fwp%2Fv2%2Ftags&post=21464"}],"curies":[{"name":"wp","href":"https:\/\/api.w.org\/{rel}","templated":true}]}}