{"id":21472,"date":"2025-02-09T12:24:34","date_gmt":"2025-02-09T18:24:34","guid":{"rendered":"https:\/\/gobernacionaltaverapaz.gob.gt\/?p=21472"},"modified":"2025-02-17T12:41:15","modified_gmt":"2025-02-17T18:41:15","slug":"inauguracion-del-curso-de-reservas-militares-de-alta-verapaz","status":"publish","type":"post","link":"https:\/\/gobernacionaltaverapaz.gob.gt\/?p=21472","title":{"rendered":"Inauguraci\u00f3n del curso de Reservas Militares de Alta verapaz"},"content":{"rendered":"<div class=\"xdj266r x11i5rnm xat24cr x1mh8g0r x1vvkbs x126k92a\">\n<div dir=\"auto\" style=\"text-align: justify;\">Esta ma\u00f1ana del domingo 9 de febrero de 2025 la Gobernadora Departamental Dilia Margarita C\u00f3 Coy, fue invitada al acto de Inauguraci\u00f3n del Curso de Reservas Militares Promoci\u00f3n 71-2025 en el cual estuvo presente el Coronel de Infanter\u00eda Edilsar Nehem\u00edas Ramos Cardona, Jefe de Reservas Militares de Alta Verapaz, as\u00ed como otros oficiales del departamento, invitados de instituciones de servicio p\u00fablico y emergencias as\u00ed como invitados de honor.<\/div>\n<\/div>\n<div class=\"x11i5rnm xat24cr x1mh8g0r x1vvkbs xtlvy1s x126k92a\" style=\"text-align: justify;\">\n<div dir=\"auto\">Las Reservas Militares de la Rep\u00fablica de Guatemala juegan un papel fundamental en la defensa y el apoyo a la poblaci\u00f3n. Se trata de un componente del Ej\u00e9rcito conformado por ciudadanos guatemaltecos que, de manera voluntaria, reciben capacitaci\u00f3n en doctrina militar con respeto a los Derechos Humanos, entrenamiento en seguridad y participaci\u00f3n en actividades de ayuda humanitaria.<\/div>\n<\/div>\n<div class=\"x11i5rnm xat24cr x1mh8g0r x1vvkbs xtlvy1s x126k92a\" style=\"text-align: justify;\">\n<div dir=\"auto\">Historia y Organizaci\u00f3n<\/div>\n<div dir=\"auto\">Las Reservas Militares fueron creadas el 10 de septiembre de 1954 mediante el Decreto Presidencial No. 79-54. Desde entonces, han evolucionado hasta convertirse en la Comandancia de Reservas Militares de la Rep\u00fablica, con presencia en los 22 departamentos del pa\u00eds, adem\u00e1s de unidades especializadas en el \u00e1mbito naval y a\u00e9reo.<\/div>\n<\/div>\n<div class=\"x11i5rnm xat24cr x1mh8g0r x1vvkbs xtlvy1s x126k92a\" style=\"text-align: justify;\">\n<div dir=\"auto\">Clasificaci\u00f3n de las Reservas Militares<\/div>\n<div dir=\"auto\">Seg\u00fan la Ley Constitutiva del Ej\u00e9rcito de Guatemala, las Reservas se dividen en tres categor\u00edas:<\/div>\n<\/div>\n<div class=\"x11i5rnm xat24cr x1mh8g0r x1vvkbs xtlvy1s x126k92a\" style=\"text-align: justify;\">\n<div dir=\"auto\">Reserva Disponible (18-35 a\u00f1os)<\/div>\n<div dir=\"auto\">Ciudadanos que hayan recibido o est\u00e9n recibiendo entrenamiento militar.<\/div>\n<\/div>\n<div class=\"x11i5rnm xat24cr x1mh8g0r x1vvkbs xtlvy1s x126k92a\" style=\"text-align: justify;\">\n<div dir=\"auto\">Reserva Movilizable (35-65 a\u00f1os)<\/div>\n<div dir=\"auto\">Personas que prestaron servicio militar obligatorio o finalizaron su entrenamiento en Reservas Militares.<\/div>\n<\/div>\n<div class=\"x11i5rnm xat24cr x1mh8g0r x1vvkbs xtlvy1s x126k92a\" style=\"text-align: justify;\">\n<div dir=\"auto\">Reserva Territorial (18-65 a\u00f1os)<\/div>\n<div dir=\"auto\">Ciudadanos que no han prestado servicio militar pero pueden ser convocados en caso de necesidad.<\/div>\n<\/div>\n<div class=\"x11i5rnm xat24cr x1mh8g0r x1vvkbs xtlvy1s x126k92a\" style=\"text-align: justify;\">\n<div dir=\"auto\">El Servicio C\u00edvico Militar<\/div>\n<div dir=\"auto\">De acuerdo con la Ley de Servicio C\u00edvico (Decreto 20-2003) y su Reglamento (Acuerdo Gubernativo 345-2010), los ciudadanos pueden prestar servicio c\u00edvico militar como una forma de preparaci\u00f3n para la defensa de la soberan\u00eda, la paz y la seguridad del pa\u00eds.<\/div>\n<\/div>\n<div class=\"x11i5rnm xat24cr x1mh8g0r x1vvkbs xtlvy1s x126k92a\">\n<div dir=\"auto\" style=\"text-align: justify;\">\u00a1Forma parte de las Reservas Militares!<\/div>\n<div dir=\"auto\" style=\"text-align: justify;\">Si eres joven y deseas contribuir al bienestar de Guatemala, las Reservas Militares te ofrecen una oportunidad para capacitarte, fortalecer tu disciplina y servir a la sociedad.<\/div>\n<\/div>\n<p>&nbsp;<\/p>\n<p>&nbsp;<\/p>\n<p>&nbsp;<\/p>\n<p>&nbsp;<\/p>\n<p><a href=\"https:\/\/www.facebook.com\/GobernacionAV\/posts\/pfbid0JZgPssMm19g5ALsUVzzyoRaWhgcq3uFhx78s6kUN949HWJmJKALtrUc25j11G7pvl?__cft__[0]=AZXGoAlhb6kLGs0grDFwPHYQ9pDVbHgXEkAjy_bD44rMvTjRgYY3gcA7ZXGaHgtmakcKC2KiT5M6r1svbkKc12apsGyZDqUWTina-gpPemYlcd3bHto7tXIQRXPr3icLL8DCk8Q52mNWyY0EKAZZ0_lmo3Y7dfOme4OAeLMlnZQXBFjatNpwavppqoJK0svQtNHJp2P50220zp3KkHBIQwDHk1QhRmIYHGQ6XXfmGGDqsg&amp;__tn__=%2CO%2CP-R\"><img decoding=\"async\" loading=\"lazy\" class=\"alignnone wp-image-21473 size-full\" title=\"Ver video en Facebook\" src=\"https:\/\/gobernacionaltaverapaz.gob.gt\/wp-content\/uploads\/2025\/02\/01-7.gif\" alt=\"\" width=\"900\" height=\"600\" \/><\/a><\/p>\n<p>&nbsp;<\/p>\n<p>&nbsp;<\/p>\n<p>&nbsp;<\/p>\n<p>&nbsp;<\/p>\n<p>&nbsp;<\/p>\n<p>&nbsp;<\/p>\n","protected":false},"excerpt":{"rendered":"<p>Esta ma\u00f1ana del domingo 9 de febrero de 2025 la Gobernadora Departamental Dilia Margarita C\u00f3 Coy, fue invitada al acto de Inauguraci\u00f3n del Curso de Reservas Militares Promoci\u00f3n 71-2025 en el cual estuvo presente el Coronel de Infanter\u00eda Edilsar Nehem\u00edas Ramos Cardona, Jefe de Reservas Militares de Alta Verapaz, as\u00ed como otros oficiales del departamento, [&hellip;]<\/p>\n","protected":false},"author":1,"featured_media":21474,"comment_status":"closed","ping_status":"open","sticky":false,"template":"","format":"video","meta":[],"categories":[183],"tags":[178],"_links":{"self":[{"href":"https:\/\/gobernacionaltaverapaz.gob.gt\/index.php?rest_route=\/wp\/v2\/posts\/21472"}],"collection":[{"href":"https:\/\/gobernacionaltaverapaz.gob.gt\/index.php?rest_route=\/wp\/v2\/posts"}],"about":[{"href":"https:\/\/gobernacionaltaverapaz.gob.gt\/index.php?rest_route=\/wp\/v2\/types\/post"}],"author":[{"embeddable":true,"href":"https:\/\/gobernacionaltaverapaz.gob.gt\/index.php?rest_route=\/wp\/v2\/users\/1"}],"replies":[{"embeddable":true,"href":"https:\/\/gobernacionaltaverapaz.gob.gt\/index.php?rest_route=%2Fwp%2Fv2%2Fcomments&post=21472"}],"version-history":[{"count":1,"href":"https:\/\/gobernacionaltaverapaz.gob.gt\/index.php?rest_route=\/wp\/v2\/posts\/21472\/revisions"}],"predecessor-version":[{"id":21475,"href":"https:\/\/gobernacionaltaverapaz.gob.gt\/index.php?rest_route=\/wp\/v2\/posts\/21472\/revisions\/21475"}],"wp:featuredmedia":[{"embeddable":true,"href":"https:\/\/gobernacionaltaverapaz.gob.gt\/index.php?rest_route=\/wp\/v2\/media\/21474"}],"wp:attachment":[{"href":"https:\/\/gobernacionaltaverapaz.gob.gt\/index.php?rest_route=%2Fwp%2Fv2%2Fmedia&parent=21472"}],"wp:term":[{"taxonomy":"category","embeddable":true,"href":"https:\/\/gobernacionaltaverapaz.gob.gt\/index.php?rest_route=%2Fwp%2Fv2%2Fcategories&post=21472"},{"taxonomy":"post_tag","embeddable":true,"href":"https:\/\/gobernacionaltaverapaz.gob.gt\/index.php?rest_route=%2Fwp%2Fv2%2Ftags&post=21472"}],"curies":[{"name":"wp","href":"https:\/\/api.w.org\/{rel}","templated":true}]}}