{"id":21487,"date":"2025-02-09T13:55:18","date_gmt":"2025-02-09T19:55:18","guid":{"rendered":"https:\/\/gobernacionaltaverapaz.gob.gt\/?p=21487"},"modified":"2025-02-17T15:42:41","modified_gmt":"2025-02-17T21:42:41","slug":"visita-institucional-de-la-gobernadora-a-la-direccion-general-de-caminos-zona-vial-7-en-santa-cruz-verapaz","status":"publish","type":"post","link":"https:\/\/gobernacionaltaverapaz.gob.gt\/?p=21487","title":{"rendered":"Visita Institucional de la Gobernadora a la Direcci\u00f3n General de Caminos &#8211; Zona Vial 7 en Santa Cruz Verapaz"},"content":{"rendered":"<div class=\"x11i5rnm xat24cr x1mh8g0r x1vvkbs xtlvy1s x126k92a\">\n<div dir=\"auto\" style=\"text-align: justify;\">Reafirmando el compromiso del Gobierno de Guatemala con la transparencia, la eficiencia en la gesti\u00f3n p\u00fablica y el desarrollo territorial, la Gobernadora Departamental de Alta Verapaz, Dilia Margarita C\u00f3 Coy realiz\u00f3 una visita a la Direcci\u00f3n General de Caminos (DGC) &#8211; Zona Vial 7 en Santa Cruz Verapaz.<\/div>\n<\/div>\n<div class=\"x11i5rnm xat24cr x1mh8g0r x1vvkbs xtlvy1s x126k92a\" style=\"text-align: justify;\">\n<div dir=\"auto\">Este encuentro tuvo como prop\u00f3sito fortalecer la coordinaci\u00f3n interinstitucional y garantizar una planificaci\u00f3n estrat\u00e9gica en la ejecuci\u00f3n de proyectos viales en el departamento. En cumplimiento con lo establecido en la Ley del Organismo Ejecutivo (Art. 47, literales a), d), f), l)), se solicit\u00f3 al jefe de la Zona Vial 7 un informe detallado sobre el despliegue de maquinaria, el estado de la red vial y la distribuci\u00f3n del recurso humano, permitiendo as\u00ed una evaluaci\u00f3n objetiva de la operatividad de la instituci\u00f3n.<\/div>\n<\/div>\n<div class=\"x11i5rnm xat24cr x1mh8g0r x1vvkbs xtlvy1s x126k92a\" style=\"text-align: justify;\">\n<div dir=\"auto\">Alta Verapaz y su Red Vial<\/div>\n<div dir=\"auto\">La Direcci\u00f3n General de Caminos, conforme al Acuerdo Gubernativo 520-99, es responsable de formular, ejecutar y actualizar planes de construcci\u00f3n, rehabilitaci\u00f3n y mantenimiento de carreteras y obras conexas.<\/div>\n<\/div>\n<div class=\"x11i5rnm xat24cr x1mh8g0r x1vvkbs xtlvy1s x126k92a\" style=\"text-align: justify;\">\n<div dir=\"auto\">Actualmente, la DGC-Zona Vial 7 tiene a su cargo 267 kil\u00f3metros de carreteras rurales en los municipios de San Pedro Carch\u00e1, Cob\u00e1n, Chisec, Tactic, Raxruh\u00e1, Santa Cruz Verapaz, San Juan Chamelco, Cahab\u00f3n, Lanqu\u00edn y San Crist\u00f3bal Verapaz.<\/div>\n<\/div>\n<div class=\"x11i5rnm xat24cr x1mh8g0r x1vvkbs xtlvy1s x126k92a\" style=\"text-align: justify;\">\n<div dir=\"auto\">Para el a\u00f1o 2025, se ha proyectado el mantenimiento de 60.96 kil\u00f3metros de la red vial departamental, en funci\u00f3n de los recursos, maquinaria y personal disponibles.<\/div>\n<\/div>\n<div class=\"x11i5rnm xat24cr x1mh8g0r x1vvkbs xtlvy1s x126k92a\" style=\"text-align: justify;\">\n<div dir=\"auto\">Adicionalmente, a trav\u00e9s de otras unidades del Ministerio de Comunicaciones, Infraestructura y Vivienda (MICIVI), se han asignado 19 proyectos de mantenimiento vial que beneficiar\u00e1n 473 kil\u00f3metros de rutas nacionales y departamentales, contemplando:<\/div>\n<div dir=\"auto\">\u00a0217.8 Limpieza y conservaci\u00f3n vial<\/div>\n<div dir=\"auto\">\u00a086.2 Km de Bacheo en carreteras pavimentadas<\/div>\n<div dir=\"auto\">169.6 Km de Mantenimiento de rutas de terracer\u00eda<\/div>\n<\/div>\n<div class=\"x11i5rnm xat24cr x1mh8g0r x1vvkbs xtlvy1s x126k92a\" style=\"text-align: justify;\">\n<div dir=\"auto\">Compromiso con el Desarrollo y la Transparencia<\/div>\n<div dir=\"auto\">El Gobierno de Guatemala, bajo la administraci\u00f3n del Presidente Bernardo Ar\u00e9valo y la Vivepresidenta Karin Herrera, reafirma su compromiso con la ejecuci\u00f3n de un presupuesto estrat\u00e9gico, orientado al desarrollo y manejado con total transparencia. La vigilancia ciudadana y la auditor\u00eda social son clave para evitar actos de corrupci\u00f3n y garantizar que los recursos lleguen a quienes m\u00e1s los necesitan.<\/div>\n<\/div>\n<div class=\"x11i5rnm xat24cr x1mh8g0r x1vvkbs xtlvy1s x126k92a\" style=\"text-align: justify;\">\n<div dir=\"auto\">La Gobernadora Departamental enfatiz\u00f3 que estas acciones son fundamentales para mejorar la conectividad, facilitar el comercio local y fortalecer el acceso a servicios esenciales en las comunidades rurales.<\/div>\n<\/div>\n<div class=\"x11i5rnm xat24cr x1mh8g0r x1vvkbs xtlvy1s x126k92a\" style=\"text-align: justify;\">\n<div dir=\"auto\">Adem\u00e1s, reitera que el 2025 ser\u00e1 un a\u00f1o clave para consolidar el trabajo interinstitucional y hacer visible el impacto de un gobierno que trabaja por el bien com\u00fan, enfrentando con firmeza la corrupci\u00f3n y la desinformaci\u00f3n que promueven sectores contrarios a la democracia y la gobernabilidad.<\/div>\n<\/div>\n<div class=\"x11i5rnm xat24cr x1mh8g0r x1vvkbs xtlvy1s x126k92a\">\n<div dir=\"auto\" style=\"text-align: justify;\">\u00a1Solo con gesti\u00f3n transparente, planificaci\u00f3n efectiva y participaci\u00f3n ciudadana lograremos el desarrollo sostenible de Alta Verapaz!<\/div>\n<div dir=\"auto\"><\/div>\n<\/div>\n<div class=\"x11i5rnm xat24cr x1mh8g0r x1vvkbs xtlvy1s x126k92a\">\n<div dir=\"auto\">Tu opini\u00f3n cuenta. \u00bfCu\u00e1les carreteras crees que requieren atenci\u00f3n prioritaria? D\u00e9janos tu comentario.<\/div>\n<\/div>\n<p>&nbsp;<\/p>\n<p>&nbsp;<\/p>\n<p>&nbsp;<\/p>\n<p>&nbsp;<\/p>\n<p>&nbsp;<\/p>\n<div><\/div>\n","protected":false},"excerpt":{"rendered":"<p>Reafirmando el compromiso del Gobierno de Guatemala con la transparencia, la eficiencia en la gesti\u00f3n p\u00fablica y el desarrollo territorial, la Gobernadora Departamental de Alta Verapaz, Dilia Margarita C\u00f3 Coy realiz\u00f3 una visita a la Direcci\u00f3n General de Caminos (DGC) &#8211; Zona Vial 7 en Santa Cruz Verapaz. Este encuentro tuvo como prop\u00f3sito fortalecer la [&hellip;]<\/p>\n","protected":false},"author":1,"featured_media":21478,"comment_status":"closed","ping_status":"open","sticky":false,"template":"","format":"gallery","meta":[],"categories":[183],"tags":[178],"_links":{"self":[{"href":"https:\/\/gobernacionaltaverapaz.gob.gt\/index.php?rest_route=\/wp\/v2\/posts\/21487"}],"collection":[{"href":"https:\/\/gobernacionaltaverapaz.gob.gt\/index.php?rest_route=\/wp\/v2\/posts"}],"about":[{"href":"https:\/\/gobernacionaltaverapaz.gob.gt\/index.php?rest_route=\/wp\/v2\/types\/post"}],"author":[{"embeddable":true,"href":"https:\/\/gobernacionaltaverapaz.gob.gt\/index.php?rest_route=\/wp\/v2\/users\/1"}],"replies":[{"embeddable":true,"href":"https:\/\/gobernacionaltaverapaz.gob.gt\/index.php?rest_route=%2Fwp%2Fv2%2Fcomments&post=21487"}],"version-history":[{"count":1,"href":"https:\/\/gobernacionaltaverapaz.gob.gt\/index.php?rest_route=\/wp\/v2\/posts\/21487\/revisions"}],"predecessor-version":[{"id":21488,"href":"https:\/\/gobernacionaltaverapaz.gob.gt\/index.php?rest_route=\/wp\/v2\/posts\/21487\/revisions\/21488"}],"wp:featuredmedia":[{"embeddable":true,"href":"https:\/\/gobernacionaltaverapaz.gob.gt\/index.php?rest_route=\/wp\/v2\/media\/21478"}],"wp:attachment":[{"href":"https:\/\/gobernacionaltaverapaz.gob.gt\/index.php?rest_route=%2Fwp%2Fv2%2Fmedia&parent=21487"}],"wp:term":[{"taxonomy":"category","embeddable":true,"href":"https:\/\/gobernacionaltaverapaz.gob.gt\/index.php?rest_route=%2Fwp%2Fv2%2Fcategories&post=21487"},{"taxonomy":"post_tag","embeddable":true,"href":"https:\/\/gobernacionaltaverapaz.gob.gt\/index.php?rest_route=%2Fwp%2Fv2%2Ftags&post=21487"}],"curies":[{"name":"wp","href":"https:\/\/api.w.org\/{rel}","templated":true}]}}