{"id":21499,"date":"2025-02-10T16:16:35","date_gmt":"2025-02-10T22:16:35","guid":{"rendered":"https:\/\/gobernacionaltaverapaz.gob.gt\/?p=21499"},"modified":"2025-02-17T16:02:24","modified_gmt":"2025-02-17T22:02:24","slug":"21499","status":"publish","type":"post","link":"https:\/\/gobernacionaltaverapaz.gob.gt\/?p=21499","title":{"rendered":"Reuni\u00f3n con autoridades de la Direcci\u00f3n Departamental de Educaci\u00f3n"},"content":{"rendered":"<div class=\"xdj266r x11i5rnm xat24cr x1mh8g0r x1vvkbs x126k92a\">\n<div dir=\"auto\" style=\"text-align: justify;\">En el marco del fortalecimiento institucional, la Gobernadora Departamental de Alta Verapaz, Dilia Margarita C\u00f3 Coy, sostuvo una reuni\u00f3n con autoridades de la Direcci\u00f3n Departamental de Educaci\u00f3n el viernes 7 de febrero para conocer los avances en los procesos administrativos y acad\u00e9micos, as\u00ed como para reforzar las estrategias de transparencia y gesti\u00f3n eficiente.<\/div>\n<\/div>\n<div class=\"x11i5rnm xat24cr x1mh8g0r x1vvkbs xtlvy1s x126k92a\" style=\"text-align: justify;\">\n<div dir=\"auto\">Durante el encuentro participaron el Director Departamental de Educaci\u00f3n, junto a los subdirectores de las \u00e1reas Administrativa Financiera, Fortalecimiento a la Comunidad Educativa y T\u00e9cnica Pedag\u00f3gica, con el acompa\u00f1amiento del asesor legal de Gobernaci\u00f3n Departamental.<\/div>\n<\/div>\n<div class=\"x11i5rnm xat24cr x1mh8g0r x1vvkbs xtlvy1s x126k92a\">\n<div dir=\"auto\" style=\"text-align: justify;\">La Gobernadora destac\u00f3 la importancia de fortalecer el trabajo conjunto entre instituciones para garantizar un sistema educativo eficiente y transparente en beneficio de la comunidad estudiantil de Alta Verapaz.<\/div>\n<\/div>\n<p>&nbsp;<\/p>\n<p>&nbsp;<\/p>\n<div><\/div>\n","protected":false},"excerpt":{"rendered":"<p>En el marco del fortalecimiento institucional, la Gobernadora Departamental de Alta Verapaz, Dilia Margarita C\u00f3 Coy, sostuvo una reuni\u00f3n con autoridades de la Direcci\u00f3n Departamental de Educaci\u00f3n el viernes 7 de febrero para conocer los avances en los procesos administrativos y acad\u00e9micos, as\u00ed como para reforzar las estrategias de transparencia y gesti\u00f3n eficiente. Durante el [&hellip;]<\/p>\n","protected":false},"author":1,"featured_media":21494,"comment_status":"closed","ping_status":"open","sticky":false,"template":"","format":"gallery","meta":[],"categories":[2],"tags":[178],"_links":{"self":[{"href":"https:\/\/gobernacionaltaverapaz.gob.gt\/index.php?rest_route=\/wp\/v2\/posts\/21499"}],"collection":[{"href":"https:\/\/gobernacionaltaverapaz.gob.gt\/index.php?rest_route=\/wp\/v2\/posts"}],"about":[{"href":"https:\/\/gobernacionaltaverapaz.gob.gt\/index.php?rest_route=\/wp\/v2\/types\/post"}],"author":[{"embeddable":true,"href":"https:\/\/gobernacionaltaverapaz.gob.gt\/index.php?rest_route=\/wp\/v2\/users\/1"}],"replies":[{"embeddable":true,"href":"https:\/\/gobernacionaltaverapaz.gob.gt\/index.php?rest_route=%2Fwp%2Fv2%2Fcomments&post=21499"}],"version-history":[{"count":2,"href":"https:\/\/gobernacionaltaverapaz.gob.gt\/index.php?rest_route=\/wp\/v2\/posts\/21499\/revisions"}],"predecessor-version":[{"id":21501,"href":"https:\/\/gobernacionaltaverapaz.gob.gt\/index.php?rest_route=\/wp\/v2\/posts\/21499\/revisions\/21501"}],"wp:featuredmedia":[{"embeddable":true,"href":"https:\/\/gobernacionaltaverapaz.gob.gt\/index.php?rest_route=\/wp\/v2\/media\/21494"}],"wp:attachment":[{"href":"https:\/\/gobernacionaltaverapaz.gob.gt\/index.php?rest_route=%2Fwp%2Fv2%2Fmedia&parent=21499"}],"wp:term":[{"taxonomy":"category","embeddable":true,"href":"https:\/\/gobernacionaltaverapaz.gob.gt\/index.php?rest_route=%2Fwp%2Fv2%2Fcategories&post=21499"},{"taxonomy":"post_tag","embeddable":true,"href":"https:\/\/gobernacionaltaverapaz.gob.gt\/index.php?rest_route=%2Fwp%2Fv2%2Ftags&post=21499"}],"curies":[{"name":"wp","href":"https:\/\/api.w.org\/{rel}","templated":true}]}}