{"id":21514,"date":"2025-02-11T17:40:23","date_gmt":"2025-02-11T23:40:23","guid":{"rendered":"https:\/\/gobernacionaltaverapaz.gob.gt\/?p=21514"},"modified":"2025-02-17T16:36:20","modified_gmt":"2025-02-17T22:36:20","slug":"compromiso-con-la-educacion-y-el-uso-seguro-de-la-tecnologia-en-alta-verapaz","status":"publish","type":"post","link":"https:\/\/gobernacionaltaverapaz.gob.gt\/?p=21514","title":{"rendered":"Compromiso con la educaci\u00f3n y el uso seguro de la tecnolog\u00eda en Alta Verapaz"},"content":{"rendered":"<div class=\"x11i5rnm xat24cr x1mh8g0r x1vvkbs xtlvy1s x126k92a\">\n<div dir=\"auto\" style=\"text-align: justify;\">Durante su visita al Departamento en los municipios de San Pedro Carch\u00e1 y Cob\u00e1n , la Vicepresidenta Dra. Karin Herrera, junto a la Sra. Gobernadora Departamental, particip\u00f3 en actividades clave para el desarrollo de ni\u00f1as, j\u00f3venes y comunidades ind\u00edgenas, promoviendo la educaci\u00f3n, la ciencia y la seguridad digital.<\/div>\n<\/div>\n<div class=\"x11i5rnm xat24cr x1mh8g0r x1vvkbs xtlvy1s x126k92a\" style=\"text-align: justify;\">\n<div dir=\"auto\">&#8211; Impulsando a las futuras cient\u00edficas de Guatemala | En el D\u00eda Internacional de la Mujer y la Ni\u00f1a en la Ciencia, la Vicepresidenta visit\u00f3 el Centro Educativo Talita Kumi, donde estudiantes participaron en el conversatorio &#8220;Nosotras transformamos la Ciencia&#8221;. La Dra. Karin Herrera comparti\u00f3 su historia como cient\u00edfica, inspirando a las alumnas a seguir carreras en ciencia y tecnolog\u00eda. La Hna. Zoila Caal, superiora de las Hermanas de la Resurrecci\u00f3n, resalt\u00f3 el conocimiento ancestral de las mujeres ind\u00edgenas y la necesidad de abrir m\u00e1s oportunidades para ellas.<\/div>\n<\/div>\n<div class=\"x11i5rnm xat24cr x1mh8g0r x1vvkbs xtlvy1s x126k92a\" style=\"text-align: justify;\">\n<div dir=\"auto\">&#8211; Promoviendo un Internet Seguro para ni\u00f1os y j\u00f3venes | En el marco del D\u00eda del Internet Seguro, la Vicepresidenta y la secretaria ejecutiva de SVET, Danissa Ram\u00edrez, lideraron una jornada de sensibilizaci\u00f3n en los centros educativos Talita Kumi y Sagrada Familia. A trav\u00e9s de charlas, talleres y actividades l\u00fadicas, se concientiz\u00f3 a estudiantes sobre el uso responsable de redes sociales y la importancia de la supervisi\u00f3n de adultos para crear un entorno digital seguro.<\/div>\n<\/div>\n<div class=\"x11i5rnm xat24cr x1mh8g0r x1vvkbs xtlvy1s x126k92a\" style=\"text-align: justify;\">\n<div dir=\"auto\">&#8211; Voces que inspiran | En el programa &#8220;La voz de las mujeres&#8221;, la Vicepresidenta habl\u00f3 sobre la importancia de fomentar la participaci\u00f3n de ni\u00f1as y mujeres, especialmente ind\u00edgenas, en la ciencia, destacando que la educaci\u00f3n es clave para el desarrollo de Guatemala.<\/div>\n<\/div>\n<div class=\"x11i5rnm xat24cr x1mh8g0r x1vvkbs xtlvy1s x126k92a\">\n<div dir=\"auto\" style=\"text-align: justify;\">Con educaci\u00f3n y tecnolog\u00eda segura, seguimos construyendo un mejor futuro para Alta Verapaz.<\/div>\n<\/div>\n<p>&nbsp;<\/p>\n<p>&nbsp;<\/p>\n<div><\/div>\n<p>&nbsp;<\/p>\n<p>&nbsp;<\/p>\n<p><a href=\"https:\/\/www.facebook.com\/photo\/?fbid=1056850306483180&amp;set=pcb.1056894329812111\"><img decoding=\"async\" loading=\"lazy\" class=\"alignnone wp-image-20515 size-full\" title=\"Ver galer\u00eda en Facebook\" src=\"https:\/\/gobernacionaltaverapaz.gob.gt\/wp-content\/uploads\/2024\/11\/galeria.jpg\" alt=\"\" width=\"215\" height=\"71\" \/><\/a><\/p>\n<p>&nbsp;<\/p>\n<p>&nbsp;<\/p>\n<p>&nbsp;<\/p>\n<p><a href=\"https:\/\/www.facebook.com\/GobernacionAV?__cft__[0]=AZUPl7OVJ3ju8AGg9EGGXQ-2koWBY9k0oF3JPfu-SvF-xTV_rQKcHeHMqw9XW8JK850pfV3h3CtWUxlb7vMjg9ijORy910Ena1I67UiUB8kpI9Y7fuSVagE6pS2SwAJINBA2PXjfPp8MjvgMFm6suzZWacvhg4BwXunr-ElMGIy3tQugCm9pYCKOaO7x3GMrtSf8UbPoPZ9FdACmxazX7XHi&amp;__cft__[1]=AZUPl7OVJ3ju8AGg9EGGXQ-2koWBY9k0oF3JPfu-SvF-xTV_rQKcHeHMqw9XW8JK850pfV3h3CtWUxlb7vMjg9ijORy910Ena1I67UiUB8kpI9Y7fuSVagE6pS2SwAJINBA2PXjfPp8MjvgMFm6suzZWacvhg4BwXunr-ElMGIy3tQugCm9pYCKOaO7x3GMrtSf8UbPoPZ9FdACmxazX7XHi&amp;__tn__=-]H-R\"><img decoding=\"async\" loading=\"lazy\" class=\"alignnone wp-image-21515 size-medium\" title=\"Ver video en Facebook\" src=\"https:\/\/gobernacionaltaverapaz.gob.gt\/wp-content\/uploads\/2025\/02\/0-2-300x200.gif\" alt=\"\" width=\"300\" height=\"200\" srcset=\"https:\/\/gobernacionaltaverapaz.gob.gt\/wp-content\/uploads\/2025\/02\/0-2-300x200.gif 300w, https:\/\/gobernacionaltaverapaz.gob.gt\/wp-content\/uploads\/2025\/02\/0-2-768x512.gif 768w\" sizes=\"(max-width: 300px) 100vw, 300px\" \/><\/a><\/p>\n","protected":false},"excerpt":{"rendered":"<p>Durante su visita al Departamento en los municipios de San Pedro Carch\u00e1 y Cob\u00e1n , la Vicepresidenta Dra. Karin Herrera, junto a la Sra. Gobernadora Departamental, particip\u00f3 en actividades clave para el desarrollo de ni\u00f1as, j\u00f3venes y comunidades ind\u00edgenas, promoviendo la educaci\u00f3n, la ciencia y la seguridad digital. &#8211; Impulsando a las futuras cient\u00edficas de [&hellip;]<\/p>\n","protected":false},"author":1,"featured_media":21502,"comment_status":"closed","ping_status":"open","sticky":false,"template":"","format":"gallery","meta":[],"categories":[2],"tags":[178],"_links":{"self":[{"href":"https:\/\/gobernacionaltaverapaz.gob.gt\/index.php?rest_route=\/wp\/v2\/posts\/21514"}],"collection":[{"href":"https:\/\/gobernacionaltaverapaz.gob.gt\/index.php?rest_route=\/wp\/v2\/posts"}],"about":[{"href":"https:\/\/gobernacionaltaverapaz.gob.gt\/index.php?rest_route=\/wp\/v2\/types\/post"}],"author":[{"embeddable":true,"href":"https:\/\/gobernacionaltaverapaz.gob.gt\/index.php?rest_route=\/wp\/v2\/users\/1"}],"replies":[{"embeddable":true,"href":"https:\/\/gobernacionaltaverapaz.gob.gt\/index.php?rest_route=%2Fwp%2Fv2%2Fcomments&post=21514"}],"version-history":[{"count":1,"href":"https:\/\/gobernacionaltaverapaz.gob.gt\/index.php?rest_route=\/wp\/v2\/posts\/21514\/revisions"}],"predecessor-version":[{"id":21516,"href":"https:\/\/gobernacionaltaverapaz.gob.gt\/index.php?rest_route=\/wp\/v2\/posts\/21514\/revisions\/21516"}],"wp:featuredmedia":[{"embeddable":true,"href":"https:\/\/gobernacionaltaverapaz.gob.gt\/index.php?rest_route=\/wp\/v2\/media\/21502"}],"wp:attachment":[{"href":"https:\/\/gobernacionaltaverapaz.gob.gt\/index.php?rest_route=%2Fwp%2Fv2%2Fmedia&parent=21514"}],"wp:term":[{"taxonomy":"category","embeddable":true,"href":"https:\/\/gobernacionaltaverapaz.gob.gt\/index.php?rest_route=%2Fwp%2Fv2%2Fcategories&post=21514"},{"taxonomy":"post_tag","embeddable":true,"href":"https:\/\/gobernacionaltaverapaz.gob.gt\/index.php?rest_route=%2Fwp%2Fv2%2Ftags&post=21514"}],"curies":[{"name":"wp","href":"https:\/\/api.w.org\/{rel}","templated":true}]}}