{"id":21517,"date":"2025-02-12T10:25:31","date_gmt":"2025-02-12T16:25:31","guid":{"rendered":"https:\/\/gobernacionaltaverapaz.gob.gt\/?p=21517"},"modified":"2025-02-17T16:40:25","modified_gmt":"2025-02-17T22:40:25","slug":"reunion-entre-el-viceministro-de-infraestructura-allan-guevara-y-la-constructora-concay-s-a","status":"publish","type":"post","link":"https:\/\/gobernacionaltaverapaz.gob.gt\/?p=21517","title":{"rendered":"Reuni\u00f3n entre el Viceministro de Infraestructura Allan Guevara y la Constructora CONCAY, S.A"},"content":{"rendered":"<div class=\"xdj266r x11i5rnm xat24cr x1mh8g0r x1vvkbs x126k92a\">\n<div dir=\"auto\" style=\"text-align: justify;\">En este momento se realiza la reuni\u00f3n entre el Viceministro de Infraestructura Allan Guevara y la Constructora CONCAY, S.A., como representantes del departamento de Alta Verapaz y con el objetivo de velar por los intereses de la poblaci\u00f3n est\u00e1n presentes en la reuni\u00f3n: 6 representantes de las comunidades de Campur, la Gobernadora Departamental y un miembro de su equipo, los alcaldes de San Pedro Carch\u00e1, Fray Bartolom\u00e9 de las Casas y Cahab\u00f3n, de los diputados distritales est\u00e1 la diputada Sandra Mili\u00e1n, del lista nacional el diputado Luis Ventura, de la comisi\u00f3n de Comuicaciones e Infraestructura del Congreso Rom\u00e1n Castellanos.<\/div>\n<\/div>\n<div class=\"x11i5rnm xat24cr x1mh8g0r x1vvkbs xtlvy1s x126k92a\" style=\"text-align: justify;\">\n<div dir=\"auto\">Por instrucciones del CIV, debido a la naturaleza t\u00e9cnica de la reuni\u00f3n, el espacio reducido y el orden, se ha limitado el acceso a los comunicadores de las instituciones y medios de comunicaci\u00f3n independientes, Comunicaci\u00f3n Social del <span class=\"html-span xdj266r x11i5rnm xat24cr x1mh8g0r xexx8yu x4uap5 x18d9i69 xkhd6sd x1hl2dhg x16tdsg8 x1vvkbs\"><a class=\"x1i10hfl xjbqb8w x1ejq31n xd10rxx x1sy0etr x17r0tee x972fbf xcfux6l x1qhh985 xm0m39n x9f619 x1ypdohk xt0psk2 xe8uvvx xdj266r x11i5rnm xat24cr x1mh8g0r xexx8yu x4uap5 x18d9i69 xkhd6sd x16tdsg8 x1hl2dhg xggy1nq x1a2a7pz x1sur9pj xkrqix3 x1fey0fg x1s688f\" tabindex=\"0\" role=\"link\" href=\"https:\/\/www.facebook.com\/civguate?__cft__[0]=AZXzw0JCuqd5UL6YVT4-Oc05FxKFt75objcenKIqLCq0cKexuwP09GieW5XlUzp_r3hfF0E07HAb7ZMOqMqlcu37f8XNNZkc7hymw6km8IMZ05lFXPqG_mlzzuXmSY4dOHkoxRpDwPpHns8JgkUTRfl56y1h9c9kwYR1QFgEaCKPlReRLK4yr68Kj-9G9uPOV2o&amp;__tn__=-]K-R\"><span class=\"xt0psk2\">Ministerio de Comunicaciones, Infraestructura y Vivienda-CIV<\/span><\/a><\/span> estar\u00e1 trasladando el material oficial de la actividad.<\/div>\n<\/div>\n<div class=\"x11i5rnm xat24cr x1mh8g0r x1vvkbs xtlvy1s x126k92a\" style=\"text-align: justify;\">\n<div dir=\"auto\">Adem\u00e1s de la Carretera RN05 Tramo Campur-Sebol tambi\u00e9n se est\u00e1 buscando soluci\u00f3n a la Carretera RD-AV-06 Tramo Lanqu\u00edn &#8211; Cahab\u00f3n.<\/div>\n<\/div>\n<div class=\"x11i5rnm xat24cr x1mh8g0r x1vvkbs xtlvy1s x126k92a\">\n<div dir=\"auto\" style=\"text-align: justify;\">Al finalizar la reuni\u00f3n se estar\u00e1 compartiendo en la p\u00e1gina del CIV la publicaci\u00f3n con los resultados de la reuni\u00f3n.<\/div>\n<\/div>\n<p>&nbsp;<\/p>\n<p>&nbsp;<\/p>\n<p><img decoding=\"async\" loading=\"lazy\" class=\"alignnone size-full wp-image-21518\" src=\"https:\/\/gobernacionaltaverapaz.gob.gt\/wp-content\/uploads\/2025\/02\/01-12.gif\" alt=\"\" width=\"900\" height=\"559\" \/><\/p>\n<p>&nbsp;<\/p>\n<p>&nbsp;<\/p>\n","protected":false},"excerpt":{"rendered":"<p>En este momento se realiza la reuni\u00f3n entre el Viceministro de Infraestructura Allan Guevara y la Constructora CONCAY, S.A., como representantes del departamento de Alta Verapaz y con el objetivo de velar por los intereses de la poblaci\u00f3n est\u00e1n presentes en la reuni\u00f3n: 6 representantes de las comunidades de Campur, la Gobernadora Departamental y un [&hellip;]<\/p>\n","protected":false},"author":1,"featured_media":21518,"comment_status":"closed","ping_status":"open","sticky":false,"template":"","format":"gallery","meta":[],"categories":[183],"tags":[178],"_links":{"self":[{"href":"https:\/\/gobernacionaltaverapaz.gob.gt\/index.php?rest_route=\/wp\/v2\/posts\/21517"}],"collection":[{"href":"https:\/\/gobernacionaltaverapaz.gob.gt\/index.php?rest_route=\/wp\/v2\/posts"}],"about":[{"href":"https:\/\/gobernacionaltaverapaz.gob.gt\/index.php?rest_route=\/wp\/v2\/types\/post"}],"author":[{"embeddable":true,"href":"https:\/\/gobernacionaltaverapaz.gob.gt\/index.php?rest_route=\/wp\/v2\/users\/1"}],"replies":[{"embeddable":true,"href":"https:\/\/gobernacionaltaverapaz.gob.gt\/index.php?rest_route=%2Fwp%2Fv2%2Fcomments&post=21517"}],"version-history":[{"count":1,"href":"https:\/\/gobernacionaltaverapaz.gob.gt\/index.php?rest_route=\/wp\/v2\/posts\/21517\/revisions"}],"predecessor-version":[{"id":21519,"href":"https:\/\/gobernacionaltaverapaz.gob.gt\/index.php?rest_route=\/wp\/v2\/posts\/21517\/revisions\/21519"}],"wp:featuredmedia":[{"embeddable":true,"href":"https:\/\/gobernacionaltaverapaz.gob.gt\/index.php?rest_route=\/wp\/v2\/media\/21518"}],"wp:attachment":[{"href":"https:\/\/gobernacionaltaverapaz.gob.gt\/index.php?rest_route=%2Fwp%2Fv2%2Fmedia&parent=21517"}],"wp:term":[{"taxonomy":"category","embeddable":true,"href":"https:\/\/gobernacionaltaverapaz.gob.gt\/index.php?rest_route=%2Fwp%2Fv2%2Fcategories&post=21517"},{"taxonomy":"post_tag","embeddable":true,"href":"https:\/\/gobernacionaltaverapaz.gob.gt\/index.php?rest_route=%2Fwp%2Fv2%2Ftags&post=21517"}],"curies":[{"name":"wp","href":"https:\/\/api.w.org\/{rel}","templated":true}]}}