{"id":21526,"date":"2025-02-12T22:23:08","date_gmt":"2025-02-13T04:23:08","guid":{"rendered":"https:\/\/gobernacionaltaverapaz.gob.gt\/?p=21526"},"modified":"2025-02-17T16:54:39","modified_gmt":"2025-02-17T22:54:39","slug":"reactivacion-del-proyecto-vial-pajal-campur-valle-verde","status":"publish","type":"post","link":"https:\/\/gobernacionaltaverapaz.gob.gt\/?p=21526","title":{"rendered":"Reactivaci\u00f3n del proyecto vial Pajal-Campur-Valle verde"},"content":{"rendered":"<div class=\"xdj266r x11i5rnm xat24cr x1mh8g0r x1vvkbs x126k92a\">\n<div dir=\"auto\" style=\"text-align: justify;\">\u00a1Recuperaci\u00f3n de la conectividad para Alta Verapaz!<\/div>\n<div dir=\"auto\" style=\"text-align: justify;\"><\/div>\n<\/div>\n<div class=\"x11i5rnm xat24cr x1mh8g0r x1vvkbs xtlvy1s x126k92a\" style=\"text-align: justify;\">\n<div dir=\"auto\">Desde el CIV ya se trabaja para lograr la reactivaci\u00f3n del proyecto vial Pajal-Campur-Valleverde que mejorar\u00e1 el acceso a servicios b\u00e1sicos, impulsar\u00e1 la econom\u00eda y fortalecer\u00e1 la movilidad en la regi\u00f3n.<\/div>\n<div dir=\"auto\"><\/div>\n<\/div>\n<div class=\"x11i5rnm xat24cr x1mh8g0r x1vvkbs xtlvy1s x126k92a\">\n<div dir=\"auto\" style=\"text-align: justify;\">\u00a0&#8220;El trabajo coordinado y transparente es clave para avanzar&#8221;, destac\u00f3 la gobernadora Margarita C\u00f3 Coy, durante la segunda reuni\u00f3n de trabajo de la mesa t\u00e9cnica, en la que el <span class=\"html-span xdj266r x11i5rnm xat24cr x1mh8g0r xexx8yu x4uap5 x18d9i69 xkhd6sd x1hl2dhg x16tdsg8 x1vvkbs\"><a class=\"x1i10hfl xjbqb8w x1ejq31n xd10rxx x1sy0etr x17r0tee x972fbf xcfux6l x1qhh985 xm0m39n x9f619 x1ypdohk xt0psk2 xe8uvvx xdj266r x11i5rnm xat24cr x1mh8g0r xexx8yu x4uap5 x18d9i69 xkhd6sd x16tdsg8 x1hl2dhg xggy1nq x1a2a7pz x1sur9pj xkrqix3 x1fey0fg x1s688f\" tabindex=\"0\" role=\"link\" href=\"https:\/\/www.facebook.com\/hashtag\/civ?__eep__=6&amp;__cft__[0]=AZXX4KawRwAVsWyHFUNDMQ0achj1trdxw4Mh6ZxMCj4j6Ug02yAu7Zn9GqGLAPX_09BUmEIrTFllX_urzRk5TnTdUBUQ_E8yyph0HTvs_dLtdrAH-DHP-Sd9cy-3cKz-U8LjUAX9zaqx94LkFObLI4jdT3pbe-76yyakhQuX0mRa-lRyUhpSl1tpkkR60Zwd5a1X6aAvJ0qqrHDDFaHuaNcKLMWDp5KKXlFCofQhnCHokQ&amp;__tn__=*NK-y-R\">#CIV<\/a><\/span> dijo buscar\u00e1 soluciones administrativas y legales para el proyecto.<\/div>\n<\/div>\n<p>&nbsp;<\/p>\n<p>&nbsp;<\/p>\n<div><\/div>\n","protected":false},"excerpt":{"rendered":"<p>\u00a1Recuperaci\u00f3n de la conectividad para Alta Verapaz! Desde el CIV ya se trabaja para lograr la reactivaci\u00f3n del proyecto vial Pajal-Campur-Valleverde que mejorar\u00e1 el acceso a servicios b\u00e1sicos, impulsar\u00e1 la econom\u00eda y fortalecer\u00e1 la movilidad en la regi\u00f3n. \u00a0&#8220;El trabajo coordinado y transparente es clave para avanzar&#8221;, destac\u00f3 la gobernadora Margarita C\u00f3 Coy, durante la [&hellip;]<\/p>\n","protected":false},"author":1,"featured_media":21520,"comment_status":"closed","ping_status":"open","sticky":false,"template":"","format":"gallery","meta":[],"categories":[183],"tags":[178],"_links":{"self":[{"href":"https:\/\/gobernacionaltaverapaz.gob.gt\/index.php?rest_route=\/wp\/v2\/posts\/21526"}],"collection":[{"href":"https:\/\/gobernacionaltaverapaz.gob.gt\/index.php?rest_route=\/wp\/v2\/posts"}],"about":[{"href":"https:\/\/gobernacionaltaverapaz.gob.gt\/index.php?rest_route=\/wp\/v2\/types\/post"}],"author":[{"embeddable":true,"href":"https:\/\/gobernacionaltaverapaz.gob.gt\/index.php?rest_route=\/wp\/v2\/users\/1"}],"replies":[{"embeddable":true,"href":"https:\/\/gobernacionaltaverapaz.gob.gt\/index.php?rest_route=%2Fwp%2Fv2%2Fcomments&post=21526"}],"version-history":[{"count":1,"href":"https:\/\/gobernacionaltaverapaz.gob.gt\/index.php?rest_route=\/wp\/v2\/posts\/21526\/revisions"}],"predecessor-version":[{"id":21527,"href":"https:\/\/gobernacionaltaverapaz.gob.gt\/index.php?rest_route=\/wp\/v2\/posts\/21526\/revisions\/21527"}],"wp:featuredmedia":[{"embeddable":true,"href":"https:\/\/gobernacionaltaverapaz.gob.gt\/index.php?rest_route=\/wp\/v2\/media\/21520"}],"wp:attachment":[{"href":"https:\/\/gobernacionaltaverapaz.gob.gt\/index.php?rest_route=%2Fwp%2Fv2%2Fmedia&parent=21526"}],"wp:term":[{"taxonomy":"category","embeddable":true,"href":"https:\/\/gobernacionaltaverapaz.gob.gt\/index.php?rest_route=%2Fwp%2Fv2%2Fcategories&post=21526"},{"taxonomy":"post_tag","embeddable":true,"href":"https:\/\/gobernacionaltaverapaz.gob.gt\/index.php?rest_route=%2Fwp%2Fv2%2Ftags&post=21526"}],"curies":[{"name":"wp","href":"https:\/\/api.w.org\/{rel}","templated":true}]}}