{"id":21544,"date":"2025-02-13T16:47:05","date_gmt":"2025-02-13T22:47:05","guid":{"rendered":"https:\/\/gobernacionaltaverapaz.gob.gt\/?p=21544"},"modified":"2025-02-17T17:10:15","modified_gmt":"2025-02-17T23:10:15","slug":"inauguracion-del-ciclo-escolar-en-asociacion-centro-don-bosco-alta-verapaz-2025","status":"publish","type":"post","link":"https:\/\/gobernacionaltaverapaz.gob.gt\/?p=21544","title":{"rendered":"Inauguraci\u00f3n del Ciclo Escolar en Asociaci\u00f3n Centro Don Bosco, Alta Verapaz 2025"},"content":{"rendered":"<div class=\"x11i5rnm xat24cr x1mh8g0r x1vvkbs xtlvy1s x126k92a\">\n<div dir=\"auto\" style=\"text-align: justify;\">El 13 de febrero de 2025, con la participaci\u00f3n de autoridades educativas, departamentales y municipales. Durante la actividad, se resalt\u00f3 la importancia de la educaci\u00f3n en el desarrollo de la juventud y se comparti\u00f3 la historia de Don Bosco como un modelo de inspiraci\u00f3n para la formaci\u00f3n acad\u00e9mica y personal de los estudiantes.<\/div>\n<\/div>\n<div class=\"x11i5rnm xat24cr x1mh8g0r x1vvkbs xtlvy1s x126k92a\" style=\"text-align: justify;\">\n<div dir=\"auto\">En el evento, se abordaron los hitos en materia educativa, tanto en Alta Verapaz como a nivel nacional, destacando los avances en infraestructura, cobertura escolar y programas de apoyo. Tambi\u00e9n se discuti\u00f3 la entrega de materiales de estudio y otros recursos clave para fortalecer el aprendizaje. Adem\u00e1s, se enfatiz\u00f3 la recuperaci\u00f3n del sistema educativo, destacando esfuerzos para reducir la deserci\u00f3n escolar, mejorar la calidad educativa y garantizar que m\u00e1s ni\u00f1os y j\u00f3venes tengan acceso a una educaci\u00f3n digna y de calidad.<\/div>\n<\/div>\n<div class=\"x11i5rnm xat24cr x1mh8g0r x1vvkbs xtlvy1s x126k92a\">\n<div dir=\"auto\" style=\"text-align: justify;\">La actividad cont\u00f3 con la presencia de la Ministra de Educaci\u00f3n, Lcda. Anabella Giracca, la Gobernadora Departamental, Dilia Margarita C\u00f3 Coy, el Delegado Departamental de Educaci\u00f3n, Lic. Alfonso Ju\u00e1rez, alcaldes municipales, as\u00ed como representantes del legislativo, directores y docentes de distintas \u00e1reas acad\u00e9micas. Las autoridades acompa\u00f1aron el inicio del ciclo escolar, reafirmando su compromiso con la educaci\u00f3n y el bienestar de la comunidad estudiantil.<\/div>\n<\/div>\n<p>&nbsp;<\/p>\n<p>&nbsp;<\/p>\n<div><\/div>\n","protected":false},"excerpt":{"rendered":"<p>El 13 de febrero de 2025, con la participaci\u00f3n de autoridades educativas, departamentales y municipales. Durante la actividad, se resalt\u00f3 la importancia de la educaci\u00f3n en el desarrollo de la juventud y se comparti\u00f3 la historia de Don Bosco como un modelo de inspiraci\u00f3n para la formaci\u00f3n acad\u00e9mica y personal de los estudiantes. En el [&hellip;]<\/p>\n","protected":false},"author":1,"featured_media":21528,"comment_status":"closed","ping_status":"open","sticky":false,"template":"","format":"gallery","meta":[],"categories":[183],"tags":[178],"_links":{"self":[{"href":"https:\/\/gobernacionaltaverapaz.gob.gt\/index.php?rest_route=\/wp\/v2\/posts\/21544"}],"collection":[{"href":"https:\/\/gobernacionaltaverapaz.gob.gt\/index.php?rest_route=\/wp\/v2\/posts"}],"about":[{"href":"https:\/\/gobernacionaltaverapaz.gob.gt\/index.php?rest_route=\/wp\/v2\/types\/post"}],"author":[{"embeddable":true,"href":"https:\/\/gobernacionaltaverapaz.gob.gt\/index.php?rest_route=\/wp\/v2\/users\/1"}],"replies":[{"embeddable":true,"href":"https:\/\/gobernacionaltaverapaz.gob.gt\/index.php?rest_route=%2Fwp%2Fv2%2Fcomments&post=21544"}],"version-history":[{"count":1,"href":"https:\/\/gobernacionaltaverapaz.gob.gt\/index.php?rest_route=\/wp\/v2\/posts\/21544\/revisions"}],"predecessor-version":[{"id":21545,"href":"https:\/\/gobernacionaltaverapaz.gob.gt\/index.php?rest_route=\/wp\/v2\/posts\/21544\/revisions\/21545"}],"wp:featuredmedia":[{"embeddable":true,"href":"https:\/\/gobernacionaltaverapaz.gob.gt\/index.php?rest_route=\/wp\/v2\/media\/21528"}],"wp:attachment":[{"href":"https:\/\/gobernacionaltaverapaz.gob.gt\/index.php?rest_route=%2Fwp%2Fv2%2Fmedia&parent=21544"}],"wp:term":[{"taxonomy":"category","embeddable":true,"href":"https:\/\/gobernacionaltaverapaz.gob.gt\/index.php?rest_route=%2Fwp%2Fv2%2Fcategories&post=21544"},{"taxonomy":"post_tag","embeddable":true,"href":"https:\/\/gobernacionaltaverapaz.gob.gt\/index.php?rest_route=%2Fwp%2Fv2%2Ftags&post=21544"}],"curies":[{"name":"wp","href":"https:\/\/api.w.org\/{rel}","templated":true}]}}