{"id":21574,"date":"2025-02-14T15:38:53","date_gmt":"2025-02-14T21:38:53","guid":{"rendered":"https:\/\/gobernacionaltaverapaz.gob.gt\/?p=21574"},"modified":"2025-02-17T17:19:12","modified_gmt":"2025-02-17T23:19:12","slug":"inauguracion-de-feria-agricola-empresarial-rural","status":"publish","type":"post","link":"https:\/\/gobernacionaltaverapaz.gob.gt\/?p=21574","title":{"rendered":"Inauguraci\u00f3n de Feria Agr\u00edcola Empresarial Rural"},"content":{"rendered":"<div class=\"x11i5rnm xat24cr x1mh8g0r x1vvkbs xtlvy1s x126k92a\">\n<div dir=\"auto\" style=\"text-align: justify;\">Este 14 de febrero se llev\u00f3 a cabo la Inauguraci\u00f3n de la Feria Agr\u00edcola Empresarial Rural en el Parque Central La Paz, Cob\u00e1n, Alta Verapaz. Este evento representa una plataforma clave para el desarrollo del sector agr\u00edcola rural, promoviendo el crecimiento y fortalecimiento de la econom\u00eda local.<\/div>\n<\/div>\n<div class=\"x11i5rnm xat24cr x1mh8g0r x1vvkbs xtlvy1s x126k92a\" style=\"text-align: justify;\">\n<div dir=\"auto\">Las cooperativas, organizaciones y asociaciones que hicieron posible esta feria han demostrado su compromiso con el impulso del sector agr\u00edcola. Su participaci\u00f3n es fundamental para fomentar la sostenibilidad y el bienestar de la comunidad.<\/div>\n<div dir=\"auto\"><\/div>\n<\/div>\n<div class=\"x11i5rnm xat24cr x1mh8g0r x1vvkbs xtlvy1s x126k92a\">\n<div dir=\"auto\" style=\"text-align: justify;\">\u00a1Juntos impulsamos el desarrollo y la sostenibilidad en nuestra regi\u00f3n!<\/div>\n<\/div>\n<p>&nbsp;<\/p>\n<div><\/div>\n","protected":false},"excerpt":{"rendered":"<p>Este 14 de febrero se llev\u00f3 a cabo la Inauguraci\u00f3n de la Feria Agr\u00edcola Empresarial Rural en el Parque Central La Paz, Cob\u00e1n, Alta Verapaz. Este evento representa una plataforma clave para el desarrollo del sector agr\u00edcola rural, promoviendo el crecimiento y fortalecimiento de la econom\u00eda local. Las cooperativas, organizaciones y asociaciones que hicieron posible [&hellip;]<\/p>\n","protected":false},"author":1,"featured_media":21560,"comment_status":"closed","ping_status":"open","sticky":false,"template":"","format":"gallery","meta":[],"categories":[7],"tags":[178],"_links":{"self":[{"href":"https:\/\/gobernacionaltaverapaz.gob.gt\/index.php?rest_route=\/wp\/v2\/posts\/21574"}],"collection":[{"href":"https:\/\/gobernacionaltaverapaz.gob.gt\/index.php?rest_route=\/wp\/v2\/posts"}],"about":[{"href":"https:\/\/gobernacionaltaverapaz.gob.gt\/index.php?rest_route=\/wp\/v2\/types\/post"}],"author":[{"embeddable":true,"href":"https:\/\/gobernacionaltaverapaz.gob.gt\/index.php?rest_route=\/wp\/v2\/users\/1"}],"replies":[{"embeddable":true,"href":"https:\/\/gobernacionaltaverapaz.gob.gt\/index.php?rest_route=%2Fwp%2Fv2%2Fcomments&post=21574"}],"version-history":[{"count":1,"href":"https:\/\/gobernacionaltaverapaz.gob.gt\/index.php?rest_route=\/wp\/v2\/posts\/21574\/revisions"}],"predecessor-version":[{"id":21575,"href":"https:\/\/gobernacionaltaverapaz.gob.gt\/index.php?rest_route=\/wp\/v2\/posts\/21574\/revisions\/21575"}],"wp:featuredmedia":[{"embeddable":true,"href":"https:\/\/gobernacionaltaverapaz.gob.gt\/index.php?rest_route=\/wp\/v2\/media\/21560"}],"wp:attachment":[{"href":"https:\/\/gobernacionaltaverapaz.gob.gt\/index.php?rest_route=%2Fwp%2Fv2%2Fmedia&parent=21574"}],"wp:term":[{"taxonomy":"category","embeddable":true,"href":"https:\/\/gobernacionaltaverapaz.gob.gt\/index.php?rest_route=%2Fwp%2Fv2%2Fcategories&post=21574"},{"taxonomy":"post_tag","embeddable":true,"href":"https:\/\/gobernacionaltaverapaz.gob.gt\/index.php?rest_route=%2Fwp%2Fv2%2Ftags&post=21574"}],"curies":[{"name":"wp","href":"https:\/\/api.w.org\/{rel}","templated":true}]}}