{"id":21579,"date":"2025-02-14T16:27:29","date_gmt":"2025-02-14T22:27:29","guid":{"rendered":"https:\/\/gobernacionaltaverapaz.gob.gt\/?p=21579"},"modified":"2025-02-17T17:24:18","modified_gmt":"2025-02-17T23:24:18","slug":"reunion-extraordinaria-de-la-comision-departamental-de-atencion-a-la-conflictividad-cedac","status":"publish","type":"post","link":"https:\/\/gobernacionaltaverapaz.gob.gt\/?p=21579","title":{"rendered":"Reuni\u00f3n Extraordinaria de la Comisi\u00f3n Departamental de Atenci\u00f3n a la Conflictividad -CEDAC-"},"content":{"rendered":"<div class=\"x11i5rnm xat24cr x1mh8g0r x1vvkbs xtlvy1s x126k92a\">\n<div dir=\"auto\" style=\"text-align: justify;\">El 14 de febrero en el Sal\u00f3n de Gesti\u00f3n P\u00fablica de Gobernaci\u00f3n Departamental de Alta Verapaz, se desarroll\u00f3 reuni\u00f3n de la CEDAC, con el objetivo de definir estrategias de atenci\u00f3n de la conflictividad del departamento.<\/div>\n<\/div>\n<div class=\"x11i5rnm xat24cr x1mh8g0r x1vvkbs xtlvy1s x126k92a\" style=\"text-align: justify;\">\n<div dir=\"auto\">Durante la reuni\u00f3n, se abordaron temas clave como:<\/div>\n<div dir=\"auto\">An\u00e1lisis de coyuntura de la conflictividad en el departamento.<\/div>\n<div dir=\"auto\">Revisi\u00f3n de la base de datos del Sistema \u00danico de Informaci\u00f3n (SUI)<\/div>\n<div dir=\"auto\">Integraci\u00f3n de subcomisiones de trabajo (Subcomisi\u00f3n Social &#8211; Subcomisi\u00f3n Ambiental &#8211; Subcomisi\u00f3n Agraria) para una mayor efectividad en la atenci\u00f3n de casos.<\/div>\n<div dir=\"auto\">Semaforizaci\u00f3n de casos de conflictos para su priorizaci\u00f3n, seg\u00fan ejes de la Pol\u00edtica P\u00fablica Departamental de Atenci\u00f3n a la Conflictividad de Alta Verapaz.<\/div>\n<\/div>\n<div class=\"x11i5rnm xat24cr x1mh8g0r x1vvkbs xtlvy1s x126k92a\" style=\"text-align: justify;\">\n<div dir=\"auto\">La participaci\u00f3n activa de las instituciones competentes en el abordaje de la conflictividad, permite fortalecer la coordinaci\u00f3n interinstitucional, mantener la armon\u00eda y la paz social, para la gobernanza y el buen gobierno departamental<\/div>\n<\/div>\n<div class=\"x11i5rnm xat24cr x1mh8g0r x1vvkbs xtlvy1s x126k92a\">\n<div dir=\"auto\" style=\"text-align: justify;\">Todas las acciones implementadas, obedecen a directrices del se\u00f1or presidente constitucional de la Rep\u00fablica de Guatemala Dr. Bernardo Ar\u00e9valo de Le\u00f3n.<\/div>\n<div dir=\"auto\"><\/div>\n<\/div>\n<div class=\"x11i5rnm xat24cr x1mh8g0r x1vvkbs xtlvy1s x126k92a\">\n<div dir=\"auto\">\u00a1Seguimos trabajando por el bienestar de Alta Verapaz!<\/div>\n<\/div>\n<div class=\"x11i5rnm xat24cr x1mh8g0r x1vvkbs xtlvy1s x126k92a\"><\/div>\n<p>&nbsp;<\/p>\n<div><\/div>\n","protected":false},"excerpt":{"rendered":"<p>El 14 de febrero en el Sal\u00f3n de Gesti\u00f3n P\u00fablica de Gobernaci\u00f3n Departamental de Alta Verapaz, se desarroll\u00f3 reuni\u00f3n de la CEDAC, con el objetivo de definir estrategias de atenci\u00f3n de la conflictividad del departamento. Durante la reuni\u00f3n, se abordaron temas clave como: An\u00e1lisis de coyuntura de la conflictividad en el departamento. Revisi\u00f3n de la [&hellip;]<\/p>\n","protected":false},"author":1,"featured_media":21576,"comment_status":"closed","ping_status":"open","sticky":false,"template":"","format":"gallery","meta":[],"categories":[183],"tags":[178],"_links":{"self":[{"href":"https:\/\/gobernacionaltaverapaz.gob.gt\/index.php?rest_route=\/wp\/v2\/posts\/21579"}],"collection":[{"href":"https:\/\/gobernacionaltaverapaz.gob.gt\/index.php?rest_route=\/wp\/v2\/posts"}],"about":[{"href":"https:\/\/gobernacionaltaverapaz.gob.gt\/index.php?rest_route=\/wp\/v2\/types\/post"}],"author":[{"embeddable":true,"href":"https:\/\/gobernacionaltaverapaz.gob.gt\/index.php?rest_route=\/wp\/v2\/users\/1"}],"replies":[{"embeddable":true,"href":"https:\/\/gobernacionaltaverapaz.gob.gt\/index.php?rest_route=%2Fwp%2Fv2%2Fcomments&post=21579"}],"version-history":[{"count":1,"href":"https:\/\/gobernacionaltaverapaz.gob.gt\/index.php?rest_route=\/wp\/v2\/posts\/21579\/revisions"}],"predecessor-version":[{"id":21580,"href":"https:\/\/gobernacionaltaverapaz.gob.gt\/index.php?rest_route=\/wp\/v2\/posts\/21579\/revisions\/21580"}],"wp:featuredmedia":[{"embeddable":true,"href":"https:\/\/gobernacionaltaverapaz.gob.gt\/index.php?rest_route=\/wp\/v2\/media\/21576"}],"wp:attachment":[{"href":"https:\/\/gobernacionaltaverapaz.gob.gt\/index.php?rest_route=%2Fwp%2Fv2%2Fmedia&parent=21579"}],"wp:term":[{"taxonomy":"category","embeddable":true,"href":"https:\/\/gobernacionaltaverapaz.gob.gt\/index.php?rest_route=%2Fwp%2Fv2%2Fcategories&post=21579"},{"taxonomy":"post_tag","embeddable":true,"href":"https:\/\/gobernacionaltaverapaz.gob.gt\/index.php?rest_route=%2Fwp%2Fv2%2Ftags&post=21579"}],"curies":[{"name":"wp","href":"https:\/\/api.w.org\/{rel}","templated":true}]}}