{"id":21607,"date":"2025-02-17T15:21:33","date_gmt":"2025-02-17T21:21:33","guid":{"rendered":"https:\/\/gobernacionaltaverapaz.gob.gt\/?p=21607"},"modified":"2025-03-03T16:49:10","modified_gmt":"2025-03-03T22:49:10","slug":"lanzamiento-del-programa-de-becas-2025","status":"publish","type":"post","link":"https:\/\/gobernacionaltaverapaz.gob.gt\/?p=21607","title":{"rendered":"Lanzamiento del Programa de Becas 2025"},"content":{"rendered":"<div class=\"xdj266r x11i5rnm xat24cr x1mh8g0r x1vvkbs x126k92a\">\n<div dir=\"auto\" style=\"text-align: justify;\">Hoy 17 de Febrero se realiz\u00f3 el Lanzamiento del Programa de Becas 2025, donde estudiantes recibieron su certificado de beca y un kit especial gracias a la colaboraci\u00f3n con Asociaci\u00f3n CONI.<\/div>\n<\/div>\n<div class=\"x11i5rnm xat24cr x1mh8g0r x1vvkbs xtlvy1s x126k92a\">\n<div dir=\"auto\" style=\"text-align: justify;\">Agradecemos a Asociaci\u00f3n CONI por su compromiso con la educaci\u00f3n y su influencia positiva, para que m\u00e1s j\u00f3venes puedan seguir estudiando y construyendo un mejor futuro para Guatemala y el Departamento.<\/div>\n<\/div>\n<p>&nbsp;<\/p>\n<div><\/div>\n","protected":false},"excerpt":{"rendered":"<p>Hoy 17 de Febrero se realiz\u00f3 el Lanzamiento del Programa de Becas 2025, donde estudiantes recibieron su certificado de beca y un kit especial gracias a la colaboraci\u00f3n con Asociaci\u00f3n CONI. Agradecemos a Asociaci\u00f3n CONI por su compromiso con la educaci\u00f3n y su influencia positiva, para que m\u00e1s j\u00f3venes puedan seguir estudiando y construyendo un [&hellip;]<\/p>\n","protected":false},"author":1,"featured_media":21596,"comment_status":"closed","ping_status":"open","sticky":false,"template":"","format":"gallery","meta":[],"categories":[183,2],"tags":[178],"_links":{"self":[{"href":"https:\/\/gobernacionaltaverapaz.gob.gt\/index.php?rest_route=\/wp\/v2\/posts\/21607"}],"collection":[{"href":"https:\/\/gobernacionaltaverapaz.gob.gt\/index.php?rest_route=\/wp\/v2\/posts"}],"about":[{"href":"https:\/\/gobernacionaltaverapaz.gob.gt\/index.php?rest_route=\/wp\/v2\/types\/post"}],"author":[{"embeddable":true,"href":"https:\/\/gobernacionaltaverapaz.gob.gt\/index.php?rest_route=\/wp\/v2\/users\/1"}],"replies":[{"embeddable":true,"href":"https:\/\/gobernacionaltaverapaz.gob.gt\/index.php?rest_route=%2Fwp%2Fv2%2Fcomments&post=21607"}],"version-history":[{"count":2,"href":"https:\/\/gobernacionaltaverapaz.gob.gt\/index.php?rest_route=\/wp\/v2\/posts\/21607\/revisions"}],"predecessor-version":[{"id":21609,"href":"https:\/\/gobernacionaltaverapaz.gob.gt\/index.php?rest_route=\/wp\/v2\/posts\/21607\/revisions\/21609"}],"wp:featuredmedia":[{"embeddable":true,"href":"https:\/\/gobernacionaltaverapaz.gob.gt\/index.php?rest_route=\/wp\/v2\/media\/21596"}],"wp:attachment":[{"href":"https:\/\/gobernacionaltaverapaz.gob.gt\/index.php?rest_route=%2Fwp%2Fv2%2Fmedia&parent=21607"}],"wp:term":[{"taxonomy":"category","embeddable":true,"href":"https:\/\/gobernacionaltaverapaz.gob.gt\/index.php?rest_route=%2Fwp%2Fv2%2Fcategories&post=21607"},{"taxonomy":"post_tag","embeddable":true,"href":"https:\/\/gobernacionaltaverapaz.gob.gt\/index.php?rest_route=%2Fwp%2Fv2%2Ftags&post=21607"}],"curies":[{"name":"wp","href":"https:\/\/api.w.org\/{rel}","templated":true}]}}