{"id":21621,"date":"2025-02-17T17:50:59","date_gmt":"2025-02-17T23:50:59","guid":{"rendered":"https:\/\/gobernacionaltaverapaz.gob.gt\/?p=21621"},"modified":"2025-03-03T17:28:59","modified_gmt":"2025-03-03T23:28:59","slug":"operativo-interinstitucional-para-la-recuperacion-del-area-protegida","status":"publish","type":"post","link":"https:\/\/gobernacionaltaverapaz.gob.gt\/?p=21621","title":{"rendered":"Operativo interinstitucional para la recuperaci\u00f3n del \u00e1rea protegida"},"content":{"rendered":"<div class=\"xdj266r x11i5rnm xat24cr x1mh8g0r x1vvkbs x126k92a\">\n<div dir=\"auto\" style=\"text-align: justify;\">La Gobernaci\u00f3n Departamental de Alta Verapaz informa a la ciudadan\u00eda que, en el marco del cumplimiento de la ley y la protecci\u00f3n del Parque Nacional Laguna Lachu\u00e1, se ha llevado a cabo un operativo interinstitucional para la recuperaci\u00f3n del \u00e1rea protegida.<\/div>\n<\/div>\n<div class=\"x11i5rnm xat24cr x1mh8g0r x1vvkbs xtlvy1s x126k92a\" style=\"text-align: justify;\">\n<div dir=\"auto\">Pese a los m\u00faltiples intentos de di\u00e1logo promovidos por las autoridades, los ocupantes se negaron a desocupar el territorio por la v\u00eda pac\u00edfica, recurriendo a la violencia y al enfrentamiento con los agentes de la Polic\u00eda Nacional Civil (PNC) y el personal de las instituciones encargadas del resguardo del parque.<\/div>\n<\/div>\n<div class=\"x11i5rnm xat24cr x1mh8g0r x1vvkbs xtlvy1s x126k92a\" style=\"text-align: justify;\">\n<div dir=\"auto\">Las acciones llevadas a cabo fueron estrat\u00e9gicamente planteadas en la mesa t\u00e9cnica realizada el domingo 16 de febrero en horas de la ma\u00f1ana, en la que se realiz\u00f3 la coordinaci\u00f3n con el se\u00f1or Ministro de Gobernaci\u00f3n Francisco Jim\u00e9nez y el Director General de Polic\u00eda Nacional Civil Custodio Boteo, quienes se encargaron de notificar a diferentes comisar\u00edas del pa\u00eds para movilizarse al departamento de Alta Verapaz.<\/div>\n<\/div>\n<div class=\"x11i5rnm xat24cr x1mh8g0r x1vvkbs xtlvy1s x126k92a\" style=\"text-align: justify;\">\n<div dir=\"auto\">Esta ma\u00f1ana se realiz\u00f3 la \u00faltima coordinaci\u00f3n con las instituciones y el Ministerio P\u00fablico y proceder de conformidad con la orden girada por \u00f3rgano jurisdiccional competente.<\/div>\n<\/div>\n<div class=\"x11i5rnm xat24cr x1mh8g0r x1vvkbs xtlvy1s x126k92a\" style=\"text-align: justify;\">\n<div dir=\"auto\">Adem\u00e1s de la Polic\u00eda Nacional Civil y el Ministerio P\u00fablico, estuvieron presentes cuerpos de socorro y asistencia humanitaria, la Procuradur\u00eda General de la Naci\u00f3n, la Procuradur\u00eda de los Derechos Humanos y COCODES de las comunidades vecinas.<\/div>\n<\/div>\n<div class=\"x11i5rnm xat24cr x1mh8g0r x1vvkbs xtlvy1s x126k92a\" style=\"text-align: justify;\">\n<div dir=\"auto\">Durante el operativo, los usurpadores hicieron uso de armas de fuego para resistirse a la desocupaci\u00f3n, poniendo en riesgo la integridad de los agentes de seguridad y del personal t\u00e9cnico que se encontraba en el lugar.<\/div>\n<\/div>\n<div class=\"x11i5rnm xat24cr x1mh8g0r x1vvkbs xtlvy1s x126k92a\" style=\"text-align: justify;\">\n<div dir=\"auto\">Los disparos fueron de armas de diferentes calibres, los usurpadores huyeron hacia el interior del Parque y dejaron a las mujeres y ni\u00f1os. La PNC actu\u00f3 conforme a los protocolos establecidos, logrando contener la situaci\u00f3n y restablecer el orden en la zona.<\/div>\n<\/div>\n<div class=\"x11i5rnm xat24cr x1mh8g0r x1vvkbs xtlvy1s x126k92a\" style=\"text-align: justify;\">\n<div dir=\"auto\">Como resultado de estos actos de resistencia violenta, se ha procedido a la detenci\u00f3n de varias personas, quienes ser\u00e1n puestas a disposici\u00f3n de la autoridad competente.<\/div>\n<\/div>\n<div class=\"x11i5rnm xat24cr x1mh8g0r x1vvkbs xtlvy1s x126k92a\" style=\"text-align: justify;\">\n<div dir=\"auto\">Se logr\u00f3 la recuperaci\u00f3n del \u00e1rea invadida de aproximadamente una manzana en la que hab\u00edan m\u00e1s o menos 15 champas improvisadas con pl\u00e1stico y una de l\u00e1mina. Ya hab\u00edan talado \u00e1rboles y hab\u00eda varios fogones, basura y otros enseres.<\/div>\n<\/div>\n<div class=\"x11i5rnm xat24cr x1mh8g0r x1vvkbs xtlvy1s x126k92a\" style=\"text-align: justify;\">\n<div dir=\"auto\">La presencia de CONAP, INAB y MARN fue fundamental para determinar los da\u00f1os al \u00e1rea y el resguardo del \u00e1rea que ya fue desocupada.<\/div>\n<\/div>\n<div class=\"x11i5rnm xat24cr x1mh8g0r x1vvkbs xtlvy1s x126k92a\" style=\"text-align: justify;\">\n<div dir=\"auto\">El Gobierno de Guatemala condena en\u00e9rgicamente estas acciones que atentan contra el Estado de derecho y la conservaci\u00f3n del Patrimonio Natural de la Naci\u00f3n.<\/div>\n<\/div>\n<div class=\"x11i5rnm xat24cr x1mh8g0r x1vvkbs xtlvy1s x126k92a\" style=\"text-align: justify;\">\n<div dir=\"auto\">Se continuar\u00e1 con una vigilancia estricta del Parque Nacional Laguna Lachu\u00e1 para evitar nuevas ocupaciones ilegales.<\/div>\n<\/div>\n<div class=\"x11i5rnm xat24cr x1mh8g0r x1vvkbs xtlvy1s x126k92a\" style=\"text-align: justify;\">\n<div dir=\"auto\">Exhortamos a la poblaci\u00f3n a informarse a trav\u00e9s de los canales oficiales y a denunciar cualquier intento de ocupaci\u00f3n ilegal que ponga en riesgo el equilibrio ambiental y la gobernabilidad del pa\u00eds.<\/div>\n<\/div>\n<div class=\"x11i5rnm xat24cr x1mh8g0r x1vvkbs xtlvy1s x126k92a\" style=\"text-align: justify;\">\n<div dir=\"auto\">Agradecemos profundamente el trabajo de cada uno de los miembros de las diferentes instituciones que han puesto en riesgo sus vidas, para proteger \u00e9ste Patrimonio Natural de Guatemala.<\/div>\n<\/div>\n<div class=\"x11i5rnm xat24cr x1mh8g0r x1vvkbs xtlvy1s x126k92a\" style=\"text-align: justify;\"><\/div>\n<p>&nbsp;<\/p>\n<p>&nbsp;<\/p>\n<div><\/div>\n<p>&nbsp;<\/p>\n","protected":false},"excerpt":{"rendered":"<p>La Gobernaci\u00f3n Departamental de Alta Verapaz informa a la ciudadan\u00eda que, en el marco del cumplimiento de la ley y la protecci\u00f3n del Parque Nacional Laguna Lachu\u00e1, se ha llevado a cabo un operativo interinstitucional para la recuperaci\u00f3n del \u00e1rea protegida. Pese a los m\u00faltiples intentos de di\u00e1logo promovidos por las autoridades, los ocupantes se [&hellip;]<\/p>\n","protected":false},"author":1,"featured_media":21610,"comment_status":"closed","ping_status":"open","sticky":false,"template":"","format":"gallery","meta":[],"categories":[205],"tags":[178],"_links":{"self":[{"href":"https:\/\/gobernacionaltaverapaz.gob.gt\/index.php?rest_route=\/wp\/v2\/posts\/21621"}],"collection":[{"href":"https:\/\/gobernacionaltaverapaz.gob.gt\/index.php?rest_route=\/wp\/v2\/posts"}],"about":[{"href":"https:\/\/gobernacionaltaverapaz.gob.gt\/index.php?rest_route=\/wp\/v2\/types\/post"}],"author":[{"embeddable":true,"href":"https:\/\/gobernacionaltaverapaz.gob.gt\/index.php?rest_route=\/wp\/v2\/users\/1"}],"replies":[{"embeddable":true,"href":"https:\/\/gobernacionaltaverapaz.gob.gt\/index.php?rest_route=%2Fwp%2Fv2%2Fcomments&post=21621"}],"version-history":[{"count":1,"href":"https:\/\/gobernacionaltaverapaz.gob.gt\/index.php?rest_route=\/wp\/v2\/posts\/21621\/revisions"}],"predecessor-version":[{"id":21622,"href":"https:\/\/gobernacionaltaverapaz.gob.gt\/index.php?rest_route=\/wp\/v2\/posts\/21621\/revisions\/21622"}],"wp:featuredmedia":[{"embeddable":true,"href":"https:\/\/gobernacionaltaverapaz.gob.gt\/index.php?rest_route=\/wp\/v2\/media\/21610"}],"wp:attachment":[{"href":"https:\/\/gobernacionaltaverapaz.gob.gt\/index.php?rest_route=%2Fwp%2Fv2%2Fmedia&parent=21621"}],"wp:term":[{"taxonomy":"category","embeddable":true,"href":"https:\/\/gobernacionaltaverapaz.gob.gt\/index.php?rest_route=%2Fwp%2Fv2%2Fcategories&post=21621"},{"taxonomy":"post_tag","embeddable":true,"href":"https:\/\/gobernacionaltaverapaz.gob.gt\/index.php?rest_route=%2Fwp%2Fv2%2Ftags&post=21621"}],"curies":[{"name":"wp","href":"https:\/\/api.w.org\/{rel}","templated":true}]}}