{"id":21637,"date":"2025-02-18T12:48:59","date_gmt":"2025-02-18T18:48:59","guid":{"rendered":"https:\/\/gobernacionaltaverapaz.gob.gt\/?p=21637"},"modified":"2025-03-03T17:50:52","modified_gmt":"2025-03-03T23:50:52","slug":"gran-labor-en-la-prevencion-de-incendios-forestales-en-alta-verapaz","status":"publish","type":"post","link":"https:\/\/gobernacionaltaverapaz.gob.gt\/?p=21637","title":{"rendered":"Gran labor en la prevenci\u00f3n de incendios forestales en Alta Verapaz"},"content":{"rendered":"<div class=\"x11i5rnm xat24cr x1mh8g0r x1vvkbs xtlvy1s x126k92a\">\n<div dir=\"auto\" style=\"text-align: justify;\">Queremos felicitar y reconocer el compromiso del equipo de SE-CONRED, junto con INAB, CONAP, municipalidades y brigadas forestales, por su arduo trabajo en la capacitaci\u00f3n y prevenci\u00f3n de incendios forestales en Alta Verapaz.<\/div>\n<\/div>\n<div class=\"x11i5rnm xat24cr x1mh8g0r x1vvkbs xtlvy1s x126k92a\" style=\"text-align: justify;\">\n<div dir=\"auto\">En los \u00faltimos d\u00edas, han realizado 8 talleres y 3 reuniones estrat\u00e9gicas, capacitando a m\u00e1s de 170 personas, fortaleciendo as\u00ed la capacidad de respuesta ante incendios forestales en el departamento.<\/div>\n<\/div>\n<div class=\"x11i5rnm xat24cr x1mh8g0r x1vvkbs xtlvy1s x126k92a\" style=\"text-align: justify;\">\n<div dir=\"auto\">\u00bfQui\u00e9nes han recibido la capacitaci\u00f3n?<\/div>\n<div dir=\"auto\">Brigadas Forestales Municipales y Microregionales en Chisec, Raxruh\u00e1 y Senah\u00fa.<\/div>\n<div dir=\"auto\">Elementos del Ej\u00e9rcito (MDN) en destacamentos de Chisec, Rubelsanto, Chahal, Fray Bartolom\u00e9 de las Casas y la 6ta Brigada de Infanter\u00eda.<\/div>\n<div dir=\"auto\">L\u00edderes comunitarios y COCODEs en diversas comunidades del departamento.<\/div>\n<div dir=\"auto\">Miembros de organizaciones locales y ONG\u2019s como Mercy Corps, ADRI, Paz Joven y Fundaci\u00f3n ProPaz.<\/div>\n<div dir=\"auto\">Municipalidades y unidades t\u00e9cnicas de gesti\u00f3n ambiental y protecci\u00f3n forestal.<\/div>\n<div dir=\"auto\">Personal de instituciones clave como INAB, CONAP y MARN.<\/div>\n<\/div>\n<div class=\"x11i5rnm xat24cr x1mh8g0r x1vvkbs xtlvy1s x126k92a\" style=\"text-align: justify;\">\n<div dir=\"auto\">\u00bfQu\u00e9 temas se abordaron?<\/div>\n<div dir=\"auto\">Conceptos sobre fuego e incendios forestales.<\/div>\n<div dir=\"auto\">Medidas de seguridad para el combate de incendios.<\/div>\n<div dir=\"auto\">Uso de herramientas y t\u00e9cnicas para el control del fuego.<\/div>\n<div dir=\"auto\">Construcci\u00f3n de rondas y l\u00edneas de defensa contra incendios.<\/div>\n<div dir=\"auto\">Socializaci\u00f3n del Protocolo Nacional de Incendios Forestales 2024-2025 y la Ley Forestal Decreto 101-96.<\/div>\n<\/div>\n<div class=\"x11i5rnm xat24cr x1mh8g0r x1vvkbs xtlvy1s x126k92a\" style=\"text-align: justify;\">\n<div dir=\"auto\">Estas acciones son clave para prevenir desastres ambientales y proteger nuestras comunidades y recursos naturales.<\/div>\n<div dir=\"auto\"><\/div>\n<\/div>\n<div class=\"x11i5rnm xat24cr x1mh8g0r x1vvkbs xtlvy1s x126k92a\">\n<div dir=\"auto\" style=\"text-align: justify;\">\u00a0\u00a1Felicitamos a todo el equipo por este gran esfuerzo y dedicaci\u00f3n! Gracias por trabajar en la prevenci\u00f3n y mitigaci\u00f3n de incendios forestales en Alta Verapaz.<\/div>\n<\/div>\n<p>&nbsp;<\/p>\n<p>&nbsp;<\/p>\n<p>&nbsp;<\/p>\n<div><\/div>\n<p>&nbsp;<\/p>\n","protected":false},"excerpt":{"rendered":"<p>Queremos felicitar y reconocer el compromiso del equipo de SE-CONRED, junto con INAB, CONAP, municipalidades y brigadas forestales, por su arduo trabajo en la capacitaci\u00f3n y prevenci\u00f3n de incendios forestales en Alta Verapaz. En los \u00faltimos d\u00edas, han realizado 8 talleres y 3 reuniones estrat\u00e9gicas, capacitando a m\u00e1s de 170 personas, fortaleciendo as\u00ed la capacidad [&hellip;]<\/p>\n","protected":false},"author":1,"featured_media":21623,"comment_status":"closed","ping_status":"open","sticky":false,"template":"","format":"gallery","meta":[],"categories":[183,6],"tags":[178],"_links":{"self":[{"href":"https:\/\/gobernacionaltaverapaz.gob.gt\/index.php?rest_route=\/wp\/v2\/posts\/21637"}],"collection":[{"href":"https:\/\/gobernacionaltaverapaz.gob.gt\/index.php?rest_route=\/wp\/v2\/posts"}],"about":[{"href":"https:\/\/gobernacionaltaverapaz.gob.gt\/index.php?rest_route=\/wp\/v2\/types\/post"}],"author":[{"embeddable":true,"href":"https:\/\/gobernacionaltaverapaz.gob.gt\/index.php?rest_route=\/wp\/v2\/users\/1"}],"replies":[{"embeddable":true,"href":"https:\/\/gobernacionaltaverapaz.gob.gt\/index.php?rest_route=%2Fwp%2Fv2%2Fcomments&post=21637"}],"version-history":[{"count":1,"href":"https:\/\/gobernacionaltaverapaz.gob.gt\/index.php?rest_route=\/wp\/v2\/posts\/21637\/revisions"}],"predecessor-version":[{"id":21638,"href":"https:\/\/gobernacionaltaverapaz.gob.gt\/index.php?rest_route=\/wp\/v2\/posts\/21637\/revisions\/21638"}],"wp:featuredmedia":[{"embeddable":true,"href":"https:\/\/gobernacionaltaverapaz.gob.gt\/index.php?rest_route=\/wp\/v2\/media\/21623"}],"wp:attachment":[{"href":"https:\/\/gobernacionaltaverapaz.gob.gt\/index.php?rest_route=%2Fwp%2Fv2%2Fmedia&parent=21637"}],"wp:term":[{"taxonomy":"category","embeddable":true,"href":"https:\/\/gobernacionaltaverapaz.gob.gt\/index.php?rest_route=%2Fwp%2Fv2%2Fcategories&post=21637"},{"taxonomy":"post_tag","embeddable":true,"href":"https:\/\/gobernacionaltaverapaz.gob.gt\/index.php?rest_route=%2Fwp%2Fv2%2Ftags&post=21637"}],"curies":[{"name":"wp","href":"https:\/\/api.w.org\/{rel}","templated":true}]}}