{"id":21668,"date":"2025-02-22T15:30:21","date_gmt":"2025-02-22T21:30:21","guid":{"rendered":"https:\/\/gobernacionaltaverapaz.gob.gt\/?p=21668"},"modified":"2025-03-04T10:28:00","modified_gmt":"2025-03-04T16:28:00","slug":"inauguracion-de-sementeras-plaza-en-chahal-alta-verapaz","status":"publish","type":"post","link":"https:\/\/gobernacionaltaverapaz.gob.gt\/?p=21668","title":{"rendered":"Inauguraci\u00f3n de Sementeras Plaza en Chahal, Alta Verapaz"},"content":{"rendered":"<div class=\"xdj266r x11i5rnm xat24cr x1mh8g0r x1vvkbs x126k92a\">\n<div dir=\"auto\" style=\"text-align: justify;\">Inauguraci\u00f3n de Sementeras Plaza en Chahal, Alta Verapaz, un proyecto que refleja el compromiso de las autoridades locales con el desarrollo econ\u00f3mico y social de la regi\u00f3n.<\/div>\n<\/div>\n<div class=\"x11i5rnm xat24cr x1mh8g0r x1vvkbs xtlvy1s x126k92a\" style=\"text-align: justify;\">\n<div dir=\"auto\">Este nuevo espacio comercial brindar\u00e1 una plataforma segura y digna para comerciantes locales, promoviendo el emprendimiento y generando oportunidades de empleo. Adem\u00e1s, estudiantes y miembros de la comunidad se hicieron presentes, demostrando su apoyo y entusiasmo por este importante logro.<\/div>\n<\/div>\n<div class=\"x11i5rnm xat24cr x1mh8g0r x1vvkbs xtlvy1s x126k92a\">\n<div dir=\"auto\" style=\"text-align: justify;\">Con Sementeras Plaza, no solo fortalecemos la econom\u00eda local, sino que tambi\u00e9n creamos un punto de encuentro para la comunidad.<\/div>\n<\/div>\n<p>&nbsp;<\/p>\n<p>&nbsp;<\/p>\n<p>&nbsp;<\/p>\n<div><\/div>\n","protected":false},"excerpt":{"rendered":"<p>Inauguraci\u00f3n de Sementeras Plaza en Chahal, Alta Verapaz, un proyecto que refleja el compromiso de las autoridades locales con el desarrollo econ\u00f3mico y social de la regi\u00f3n. Este nuevo espacio comercial brindar\u00e1 una plataforma segura y digna para comerciantes locales, promoviendo el emprendimiento y generando oportunidades de empleo. Adem\u00e1s, estudiantes y miembros de la comunidad [&hellip;]<\/p>\n","protected":false},"author":1,"featured_media":21654,"comment_status":"closed","ping_status":"open","sticky":false,"template":"","format":"gallery","meta":[],"categories":[182],"tags":[178],"_links":{"self":[{"href":"https:\/\/gobernacionaltaverapaz.gob.gt\/index.php?rest_route=\/wp\/v2\/posts\/21668"}],"collection":[{"href":"https:\/\/gobernacionaltaverapaz.gob.gt\/index.php?rest_route=\/wp\/v2\/posts"}],"about":[{"href":"https:\/\/gobernacionaltaverapaz.gob.gt\/index.php?rest_route=\/wp\/v2\/types\/post"}],"author":[{"embeddable":true,"href":"https:\/\/gobernacionaltaverapaz.gob.gt\/index.php?rest_route=\/wp\/v2\/users\/1"}],"replies":[{"embeddable":true,"href":"https:\/\/gobernacionaltaverapaz.gob.gt\/index.php?rest_route=%2Fwp%2Fv2%2Fcomments&post=21668"}],"version-history":[{"count":1,"href":"https:\/\/gobernacionaltaverapaz.gob.gt\/index.php?rest_route=\/wp\/v2\/posts\/21668\/revisions"}],"predecessor-version":[{"id":21669,"href":"https:\/\/gobernacionaltaverapaz.gob.gt\/index.php?rest_route=\/wp\/v2\/posts\/21668\/revisions\/21669"}],"wp:featuredmedia":[{"embeddable":true,"href":"https:\/\/gobernacionaltaverapaz.gob.gt\/index.php?rest_route=\/wp\/v2\/media\/21654"}],"wp:attachment":[{"href":"https:\/\/gobernacionaltaverapaz.gob.gt\/index.php?rest_route=%2Fwp%2Fv2%2Fmedia&parent=21668"}],"wp:term":[{"taxonomy":"category","embeddable":true,"href":"https:\/\/gobernacionaltaverapaz.gob.gt\/index.php?rest_route=%2Fwp%2Fv2%2Fcategories&post=21668"},{"taxonomy":"post_tag","embeddable":true,"href":"https:\/\/gobernacionaltaverapaz.gob.gt\/index.php?rest_route=%2Fwp%2Fv2%2Ftags&post=21668"}],"curies":[{"name":"wp","href":"https:\/\/api.w.org\/{rel}","templated":true}]}}