{"id":21685,"date":"2025-02-22T16:30:47","date_gmt":"2025-02-22T22:30:47","guid":{"rendered":"https:\/\/gobernacionaltaverapaz.gob.gt\/?p=21685"},"modified":"2025-03-04T10:57:26","modified_gmt":"2025-03-04T16:57:26","slug":"inauguracion-del-proyecto-en-la-escuela-oficial-rural-mixta-en-cabilja-tamahu","status":"publish","type":"post","link":"https:\/\/gobernacionaltaverapaz.gob.gt\/?p=21685","title":{"rendered":"Inauguraci\u00f3n del proyecto en la Escuela Oficial Rural Mixta en Cabilj\u00e1, Tamah\u00fa"},"content":{"rendered":"<div class=\"xdj266r x11i5rnm xat24cr x1mh8g0r x1vvkbs x126k92a\">\n<div dir=\"auto\" style=\"text-align: justify;\">Escuela Oficial Rural Mixta en Cabilj\u00e1, Tamah\u00fa<\/div>\n<div dir=\"auto\"><\/div>\n<\/div>\n<div class=\"x11i5rnm xat24cr x1mh8g0r x1vvkbs xtlvy1s x126k92a\" style=\"text-align: justify;\">\n<div dir=\"auto\" style=\"text-align: justify;\">La educaci\u00f3n sigue siendo una prioridad en Alta Verapaz. En Escuela Oficial Rural Mixta en el Caser\u00edo Cabilj\u00e1, Tamah\u00fa, se inaugur\u00f3 un proyecto que marca un antes y un despu\u00e9s en la calidad educativa de la comunidad.<\/div>\n<\/div>\n<div class=\"x11i5rnm xat24cr x1mh8g0r x1vvkbs xtlvy1s x126k92a\" style=\"text-align: justify;\">\n<div dir=\"auto\">Equipo electr\u00f3nico moderno, facilitando el acceso a la tecnolog\u00eda y al aprendizaje digital.<\/div>\n<\/div>\n<div class=\"x11i5rnm xat24cr x1mh8g0r x1vvkbs xtlvy1s x126k92a\" style=\"text-align: justify;\">\n<div dir=\"auto\">Instalaciones renovadas, que garantizan un entorno seguro, c\u00f3modo y propicio para el desarrollo acad\u00e9mico.<\/div>\n<\/div>\n<div class=\"x11i5rnm xat24cr x1mh8g0r x1vvkbs xtlvy1s x126k92a\" style=\"text-align: justify;\">\n<div dir=\"auto\">Espacios inclusivos y accesibles, promoviendo la igualdad de oportunidades para todos los estudiantes.<\/div>\n<\/div>\n<div class=\"x11i5rnm xat24cr x1mh8g0r x1vvkbs xtlvy1s x126k92a\">\n<div dir=\"auto\" style=\"text-align: justify;\">Este logro es el resultado del trabajo conjunto entre las autoridades locales, la comunidad educativa y las familias, quienes han unido esfuerzos para brindar a nuestros ni\u00f1os y ni\u00f1as un futuro lleno de posibilidades.<\/div>\n<\/div>\n<p>&nbsp;<\/p>\n<div><\/div>\n","protected":false},"excerpt":{"rendered":"<p>Escuela Oficial Rural Mixta en Cabilj\u00e1, Tamah\u00fa La educaci\u00f3n sigue siendo una prioridad en Alta Verapaz. En Escuela Oficial Rural Mixta en el Caser\u00edo Cabilj\u00e1, Tamah\u00fa, se inaugur\u00f3 un proyecto que marca un antes y un despu\u00e9s en la calidad educativa de la comunidad. Equipo electr\u00f3nico moderno, facilitando el acceso a la tecnolog\u00eda y al [&hellip;]<\/p>\n","protected":false},"author":1,"featured_media":21670,"comment_status":"closed","ping_status":"open","sticky":false,"template":"","format":"gallery","meta":[],"categories":[2,182],"tags":[178],"_links":{"self":[{"href":"https:\/\/gobernacionaltaverapaz.gob.gt\/index.php?rest_route=\/wp\/v2\/posts\/21685"}],"collection":[{"href":"https:\/\/gobernacionaltaverapaz.gob.gt\/index.php?rest_route=\/wp\/v2\/posts"}],"about":[{"href":"https:\/\/gobernacionaltaverapaz.gob.gt\/index.php?rest_route=\/wp\/v2\/types\/post"}],"author":[{"embeddable":true,"href":"https:\/\/gobernacionaltaverapaz.gob.gt\/index.php?rest_route=\/wp\/v2\/users\/1"}],"replies":[{"embeddable":true,"href":"https:\/\/gobernacionaltaverapaz.gob.gt\/index.php?rest_route=%2Fwp%2Fv2%2Fcomments&post=21685"}],"version-history":[{"count":1,"href":"https:\/\/gobernacionaltaverapaz.gob.gt\/index.php?rest_route=\/wp\/v2\/posts\/21685\/revisions"}],"predecessor-version":[{"id":21686,"href":"https:\/\/gobernacionaltaverapaz.gob.gt\/index.php?rest_route=\/wp\/v2\/posts\/21685\/revisions\/21686"}],"wp:featuredmedia":[{"embeddable":true,"href":"https:\/\/gobernacionaltaverapaz.gob.gt\/index.php?rest_route=\/wp\/v2\/media\/21670"}],"wp:attachment":[{"href":"https:\/\/gobernacionaltaverapaz.gob.gt\/index.php?rest_route=%2Fwp%2Fv2%2Fmedia&parent=21685"}],"wp:term":[{"taxonomy":"category","embeddable":true,"href":"https:\/\/gobernacionaltaverapaz.gob.gt\/index.php?rest_route=%2Fwp%2Fv2%2Fcategories&post=21685"},{"taxonomy":"post_tag","embeddable":true,"href":"https:\/\/gobernacionaltaverapaz.gob.gt\/index.php?rest_route=%2Fwp%2Fv2%2Ftags&post=21685"}],"curies":[{"name":"wp","href":"https:\/\/api.w.org\/{rel}","templated":true}]}}