{"id":21697,"date":"2025-02-23T07:15:19","date_gmt":"2025-02-23T13:15:19","guid":{"rendered":"https:\/\/gobernacionaltaverapaz.gob.gt\/?p=21697"},"modified":"2025-03-04T12:06:13","modified_gmt":"2025-03-04T18:06:13","slug":"reunion-con-alcaldes-y-directores-de-planificacion-de-todo-el-departamento-de-alta-verapaz","status":"publish","type":"post","link":"https:\/\/gobernacionaltaverapaz.gob.gt\/?p=21697","title":{"rendered":"Reuni\u00f3n con alcaldes y directores de planificaci\u00f3n de todo el departamento de Alta Verapaz"},"content":{"rendered":"<div class=\"xdj266r x11i5rnm xat24cr x1mh8g0r x1vvkbs x126k92a\">\n<div dir=\"auto\" style=\"text-align: justify;\">El d\u00eda 20 de febrero se llev\u00f3 a cabo una importante reuni\u00f3n con alcaldes y directores de planificaci\u00f3n de todo el departamento de Alta Verapaz, donde se abordaron temas estrat\u00e9gicos para el desarrollo sostenible de nuestras comunidades.<\/div>\n<\/div>\n<div class=\"x11i5rnm xat24cr x1mh8g0r x1vvkbs xtlvy1s x126k92a\" style=\"text-align: justify;\">\n<div dir=\"auto\">Gesti\u00f3n Ambiental: El Ministerio de Ambiente y Recursos Naturales (MARN) present\u00f3 lineamientos e instrumentos para la gesti\u00f3n de resoluciones ambientales, priorizando la conservaci\u00f3n de los recursos naturales.<\/div>\n<\/div>\n<div class=\"x11i5rnm xat24cr x1mh8g0r x1vvkbs xtlvy1s x126k92a\" style=\"text-align: justify;\">\n<div dir=\"auto\">Proyectos Prioritarios con Fondos COCODE (2026-2030): Se discuti\u00f3 la priorizaci\u00f3n de proyectos de infraestructura, salud, educaci\u00f3n y desarrollo comunitario, asegurando que cada inversi\u00f3n responda a las verdaderas necesidades de la poblaci\u00f3n.<\/div>\n<\/div>\n<div class=\"x11i5rnm xat24cr x1mh8g0r x1vvkbs xtlvy1s x126k92a\">\n<div dir=\"auto\" style=\"text-align: justify;\">Esta reuni\u00f3n no solo refuerza la coordinaci\u00f3n interinstitucional, sino que tambi\u00e9n impulsa un modelo de desarrollo participativo e inclusivo.<\/div>\n<div dir=\"auto\"><\/div>\n<\/div>\n<div class=\"x11i5rnm xat24cr x1mh8g0r x1vvkbs xtlvy1s x126k92a\">\n<div dir=\"auto\">\u00a1Juntos construimos un futuro mejor para Alta Verapaz!<\/div>\n<\/div>\n<p>&nbsp;<\/p>\n<p>&nbsp;<\/p>\n<div><\/div>\n","protected":false},"excerpt":{"rendered":"<p>El d\u00eda 20 de febrero se llev\u00f3 a cabo una importante reuni\u00f3n con alcaldes y directores de planificaci\u00f3n de todo el departamento de Alta Verapaz, donde se abordaron temas estrat\u00e9gicos para el desarrollo sostenible de nuestras comunidades. Gesti\u00f3n Ambiental: El Ministerio de Ambiente y Recursos Naturales (MARN) present\u00f3 lineamientos e instrumentos para la gesti\u00f3n de [&hellip;]<\/p>\n","protected":false},"author":1,"featured_media":21687,"comment_status":"closed","ping_status":"open","sticky":false,"template":"","format":"gallery","meta":[],"categories":[183],"tags":[178],"_links":{"self":[{"href":"https:\/\/gobernacionaltaverapaz.gob.gt\/index.php?rest_route=\/wp\/v2\/posts\/21697"}],"collection":[{"href":"https:\/\/gobernacionaltaverapaz.gob.gt\/index.php?rest_route=\/wp\/v2\/posts"}],"about":[{"href":"https:\/\/gobernacionaltaverapaz.gob.gt\/index.php?rest_route=\/wp\/v2\/types\/post"}],"author":[{"embeddable":true,"href":"https:\/\/gobernacionaltaverapaz.gob.gt\/index.php?rest_route=\/wp\/v2\/users\/1"}],"replies":[{"embeddable":true,"href":"https:\/\/gobernacionaltaverapaz.gob.gt\/index.php?rest_route=%2Fwp%2Fv2%2Fcomments&post=21697"}],"version-history":[{"count":1,"href":"https:\/\/gobernacionaltaverapaz.gob.gt\/index.php?rest_route=\/wp\/v2\/posts\/21697\/revisions"}],"predecessor-version":[{"id":21698,"href":"https:\/\/gobernacionaltaverapaz.gob.gt\/index.php?rest_route=\/wp\/v2\/posts\/21697\/revisions\/21698"}],"wp:featuredmedia":[{"embeddable":true,"href":"https:\/\/gobernacionaltaverapaz.gob.gt\/index.php?rest_route=\/wp\/v2\/media\/21687"}],"wp:attachment":[{"href":"https:\/\/gobernacionaltaverapaz.gob.gt\/index.php?rest_route=%2Fwp%2Fv2%2Fmedia&parent=21697"}],"wp:term":[{"taxonomy":"category","embeddable":true,"href":"https:\/\/gobernacionaltaverapaz.gob.gt\/index.php?rest_route=%2Fwp%2Fv2%2Fcategories&post=21697"},{"taxonomy":"post_tag","embeddable":true,"href":"https:\/\/gobernacionaltaverapaz.gob.gt\/index.php?rest_route=%2Fwp%2Fv2%2Ftags&post=21697"}],"curies":[{"name":"wp","href":"https:\/\/api.w.org\/{rel}","templated":true}]}}