{"id":21706,"date":"2025-02-23T08:00:00","date_gmt":"2025-02-23T14:00:00","guid":{"rendered":"https:\/\/gobernacionaltaverapaz.gob.gt\/?p=21706"},"modified":"2025-03-04T12:26:14","modified_gmt":"2025-03-04T18:26:14","slug":"alcalde-recorrio-las-instalaciones-del-comedor-social-del-mides","status":"publish","type":"post","link":"https:\/\/gobernacionaltaverapaz.gob.gt\/?p=21706","title":{"rendered":"Alcalde recorri\u00f3 las instalaciones del Comedor Social del MIDES"},"content":{"rendered":"<div class=\"xdj266r x11i5rnm xat24cr x1mh8g0r x1vvkbs x126k92a\">\n<div dir=\"auto\" style=\"text-align: justify;\">Durante su visita al municipio de Chahal, la Gobernadora Departamental, junto al alcalde Dolan Cantoral, recorri\u00f3 las instalaciones del Comedor Social del MIDES, donde se ofrece alimentaci\u00f3n gratuita y de calidad a familias en situaci\u00f3n de vulnerabilidad.<\/div>\n<div dir=\"auto\"><\/div>\n<\/div>\n<div class=\"x11i5rnm xat24cr x1mh8g0r x1vvkbs xtlvy1s x126k92a\">\n<div dir=\"auto\" style=\"text-align: justify;\">\u00a1Seguimos trabajando para que m\u00e1s familias tengan acceso a una alimentaci\u00f3n digna y nutritiva! Porque el bienestar de nuestra gente es la prioridad.<\/div>\n<\/div>\n<p>&nbsp;<\/p>\n<div><\/div>\n","protected":false},"excerpt":{"rendered":"<p>Durante su visita al municipio de Chahal, la Gobernadora Departamental, junto al alcalde Dolan Cantoral, recorri\u00f3 las instalaciones del Comedor Social del MIDES, donde se ofrece alimentaci\u00f3n gratuita y de calidad a familias en situaci\u00f3n de vulnerabilidad. \u00a1Seguimos trabajando para que m\u00e1s familias tengan acceso a una alimentaci\u00f3n digna y nutritiva! Porque el bienestar de [&hellip;]<\/p>\n","protected":false},"author":1,"featured_media":21699,"comment_status":"closed","ping_status":"open","sticky":false,"template":"","format":"gallery","meta":[],"categories":[183],"tags":[178],"_links":{"self":[{"href":"https:\/\/gobernacionaltaverapaz.gob.gt\/index.php?rest_route=\/wp\/v2\/posts\/21706"}],"collection":[{"href":"https:\/\/gobernacionaltaverapaz.gob.gt\/index.php?rest_route=\/wp\/v2\/posts"}],"about":[{"href":"https:\/\/gobernacionaltaverapaz.gob.gt\/index.php?rest_route=\/wp\/v2\/types\/post"}],"author":[{"embeddable":true,"href":"https:\/\/gobernacionaltaverapaz.gob.gt\/index.php?rest_route=\/wp\/v2\/users\/1"}],"replies":[{"embeddable":true,"href":"https:\/\/gobernacionaltaverapaz.gob.gt\/index.php?rest_route=%2Fwp%2Fv2%2Fcomments&post=21706"}],"version-history":[{"count":1,"href":"https:\/\/gobernacionaltaverapaz.gob.gt\/index.php?rest_route=\/wp\/v2\/posts\/21706\/revisions"}],"predecessor-version":[{"id":21707,"href":"https:\/\/gobernacionaltaverapaz.gob.gt\/index.php?rest_route=\/wp\/v2\/posts\/21706\/revisions\/21707"}],"wp:featuredmedia":[{"embeddable":true,"href":"https:\/\/gobernacionaltaverapaz.gob.gt\/index.php?rest_route=\/wp\/v2\/media\/21699"}],"wp:attachment":[{"href":"https:\/\/gobernacionaltaverapaz.gob.gt\/index.php?rest_route=%2Fwp%2Fv2%2Fmedia&parent=21706"}],"wp:term":[{"taxonomy":"category","embeddable":true,"href":"https:\/\/gobernacionaltaverapaz.gob.gt\/index.php?rest_route=%2Fwp%2Fv2%2Fcategories&post=21706"},{"taxonomy":"post_tag","embeddable":true,"href":"https:\/\/gobernacionaltaverapaz.gob.gt\/index.php?rest_route=%2Fwp%2Fv2%2Ftags&post=21706"}],"curies":[{"name":"wp","href":"https:\/\/api.w.org\/{rel}","templated":true}]}}