{"id":21724,"date":"2025-02-24T19:12:35","date_gmt":"2025-02-25T01:12:35","guid":{"rendered":"https:\/\/gobernacionaltaverapaz.gob.gt\/?p=21724"},"modified":"2025-03-04T15:17:08","modified_gmt":"2025-03-04T21:17:08","slug":"tercera-exposicion-de-la-flor-nacional-de-guatemala","status":"publish","type":"post","link":"https:\/\/gobernacionaltaverapaz.gob.gt\/?p=21724","title":{"rendered":"Tercera Exposici\u00f3n de la Flor Nacional de Guatemala"},"content":{"rendered":"<div class=\"xdj266r x11i5rnm xat24cr x1mh8g0r x1vvkbs x126k92a\">\n<div dir=\"auto\" style=\"text-align: justify;\">El d\u00eda 24 de febrero se llev\u00f3 a cabo la Tercera Exposici\u00f3n de la Flor Nacional de Guatemala, la Monja Blanca en Conmemoraci\u00f3n de los 25\u00ba aniversario de su nombramiento como Patrimonio Cultural de la Naci\u00f3n.<\/div>\n<\/div>\n<div class=\"x11i5rnm xat24cr x1mh8g0r x1vvkbs xtlvy1s x126k92a\" style=\"text-align: justify;\">\n<div dir=\"auto\">El evento reuni\u00f3 a expertos bot\u00e1nicos, invitados especiales y seguidores del legado del Dr. Freddy Archila, destacando la importancia de conservar y valorar nuestra riqueza natural y cultural. Adem\u00e1s, ni\u00f1os de diferentes colegios participaron en una charla impartida por el bot\u00e1nico Freddy Archila, donde aprendieron sobre el nacimiento, reproducci\u00f3n y evoluci\u00f3n de las orqu\u00eddeas, explorando c\u00f3mo crecen y se desarrollan en su entorno natural.<\/div>\n<\/div>\n<div class=\"x11i5rnm xat24cr x1mh8g0r x1vvkbs xtlvy1s x126k92a\">\n<div dir=\"auto\" style=\"text-align: justify;\">La jornada, impulsada por la Casa de la Cultura de Alta Verapaz, llena de historia, belleza natural y el orgullo de conmemorar 25 a\u00f1os de ser Patrimonio Cultural de la Naci\u00f3n con la participaci\u00f3n de la Casa de la Cultura de Alta Verapaz<\/div>\n<\/div>\n<p>&nbsp;<\/p>\n<p>&nbsp;<\/p>\n<div><\/div>\n<p>&nbsp;<\/p>\n<p>&nbsp;<\/p>\n","protected":false},"excerpt":{"rendered":"<p>El d\u00eda 24 de febrero se llev\u00f3 a cabo la Tercera Exposici\u00f3n de la Flor Nacional de Guatemala, la Monja Blanca en Conmemoraci\u00f3n de los 25\u00ba aniversario de su nombramiento como Patrimonio Cultural de la Naci\u00f3n. El evento reuni\u00f3 a expertos bot\u00e1nicos, invitados especiales y seguidores del legado del Dr. Freddy Archila, destacando la importancia [&hellip;]<\/p>\n","protected":false},"author":1,"featured_media":21708,"comment_status":"closed","ping_status":"open","sticky":false,"template":"","format":"gallery","meta":[],"categories":[183],"tags":[178],"_links":{"self":[{"href":"https:\/\/gobernacionaltaverapaz.gob.gt\/index.php?rest_route=\/wp\/v2\/posts\/21724"}],"collection":[{"href":"https:\/\/gobernacionaltaverapaz.gob.gt\/index.php?rest_route=\/wp\/v2\/posts"}],"about":[{"href":"https:\/\/gobernacionaltaverapaz.gob.gt\/index.php?rest_route=\/wp\/v2\/types\/post"}],"author":[{"embeddable":true,"href":"https:\/\/gobernacionaltaverapaz.gob.gt\/index.php?rest_route=\/wp\/v2\/users\/1"}],"replies":[{"embeddable":true,"href":"https:\/\/gobernacionaltaverapaz.gob.gt\/index.php?rest_route=%2Fwp%2Fv2%2Fcomments&post=21724"}],"version-history":[{"count":1,"href":"https:\/\/gobernacionaltaverapaz.gob.gt\/index.php?rest_route=\/wp\/v2\/posts\/21724\/revisions"}],"predecessor-version":[{"id":21725,"href":"https:\/\/gobernacionaltaverapaz.gob.gt\/index.php?rest_route=\/wp\/v2\/posts\/21724\/revisions\/21725"}],"wp:featuredmedia":[{"embeddable":true,"href":"https:\/\/gobernacionaltaverapaz.gob.gt\/index.php?rest_route=\/wp\/v2\/media\/21708"}],"wp:attachment":[{"href":"https:\/\/gobernacionaltaverapaz.gob.gt\/index.php?rest_route=%2Fwp%2Fv2%2Fmedia&parent=21724"}],"wp:term":[{"taxonomy":"category","embeddable":true,"href":"https:\/\/gobernacionaltaverapaz.gob.gt\/index.php?rest_route=%2Fwp%2Fv2%2Fcategories&post=21724"},{"taxonomy":"post_tag","embeddable":true,"href":"https:\/\/gobernacionaltaverapaz.gob.gt\/index.php?rest_route=%2Fwp%2Fv2%2Ftags&post=21724"}],"curies":[{"name":"wp","href":"https:\/\/api.w.org\/{rel}","templated":true}]}}