{"id":21744,"date":"2025-02-25T17:28:00","date_gmt":"2025-02-25T23:28:00","guid":{"rendered":"https:\/\/gobernacionaltaverapaz.gob.gt\/?p=21744"},"modified":"2025-03-04T15:38:26","modified_gmt":"2025-03-04T21:38:26","slug":"proyecto-jovenes-promotores-del-deporte-y-la-recreacion-fase-i","status":"publish","type":"post","link":"https:\/\/gobernacionaltaverapaz.gob.gt\/?p=21744","title":{"rendered":"Proyecto &#8220;J\u00f3venes Promotores del Deporte y la Recreaci\u00f3n (Fase I)&#8221;"},"content":{"rendered":"<div class=\"xdj266r x11i5rnm xat24cr x1mh8g0r x1vvkbs x126k92a\">\n<div dir=\"auto\">\u00a1Bienvenidos, servidores c\u00edvicos!<\/div>\n<div dir=\"auto\"><\/div>\n<\/div>\n<div class=\"x11i5rnm xat24cr x1mh8g0r x1vvkbs xtlvy1s x126k92a\">\n<div dir=\"auto\" style=\"text-align: justify;\">Hoy 25 de Febrero dimos la bienvenida a los j\u00f3venes que se suman al proyecto &#8220;J\u00f3venes Promotores del Deporte y la Recreaci\u00f3n (Fase I)&#8221; del Ministerio de Cultura y Deporte.<\/div>\n<\/div>\n<div class=\"x11i5rnm xat24cr x1mh8g0r x1vvkbs xtlvy1s x126k92a\" style=\"text-align: justify;\">\n<div dir=\"auto\">La Gobernadora Departamental motiv\u00f3 a los participantes a aprovechar esta oportunidad para crecer y aportar al desarrollo comunitario.<\/div>\n<\/div>\n<div class=\"x11i5rnm xat24cr x1mh8g0r x1vvkbs xtlvy1s x126k92a\">\n<div dir=\"auto\" style=\"text-align: justify;\">\u00a1Atenci\u00f3n! La convocatoria para el Servicio C\u00edvico 2025 sigue abierta. Si eres joven y quieres ser parte de esta iniciativa, \u00a1inscr\u00edbete ahora!<\/div>\n<\/div>\n<div><\/div>\n<div><\/div>\n<div><\/div>\n","protected":false},"excerpt":{"rendered":"<p>\u00a1Bienvenidos, servidores c\u00edvicos! Hoy 25 de Febrero dimos la bienvenida a los j\u00f3venes que se suman al proyecto &#8220;J\u00f3venes Promotores del Deporte y la Recreaci\u00f3n (Fase I)&#8221; del Ministerio de Cultura y Deporte. La Gobernadora Departamental motiv\u00f3 a los participantes a aprovechar esta oportunidad para crecer y aportar al desarrollo comunitario. \u00a1Atenci\u00f3n! La convocatoria para [&hellip;]<\/p>\n","protected":false},"author":1,"featured_media":21726,"comment_status":"closed","ping_status":"open","sticky":false,"template":"","format":"gallery","meta":[],"categories":[183],"tags":[178],"_links":{"self":[{"href":"https:\/\/gobernacionaltaverapaz.gob.gt\/index.php?rest_route=\/wp\/v2\/posts\/21744"}],"collection":[{"href":"https:\/\/gobernacionaltaverapaz.gob.gt\/index.php?rest_route=\/wp\/v2\/posts"}],"about":[{"href":"https:\/\/gobernacionaltaverapaz.gob.gt\/index.php?rest_route=\/wp\/v2\/types\/post"}],"author":[{"embeddable":true,"href":"https:\/\/gobernacionaltaverapaz.gob.gt\/index.php?rest_route=\/wp\/v2\/users\/1"}],"replies":[{"embeddable":true,"href":"https:\/\/gobernacionaltaverapaz.gob.gt\/index.php?rest_route=%2Fwp%2Fv2%2Fcomments&post=21744"}],"version-history":[{"count":1,"href":"https:\/\/gobernacionaltaverapaz.gob.gt\/index.php?rest_route=\/wp\/v2\/posts\/21744\/revisions"}],"predecessor-version":[{"id":21745,"href":"https:\/\/gobernacionaltaverapaz.gob.gt\/index.php?rest_route=\/wp\/v2\/posts\/21744\/revisions\/21745"}],"wp:featuredmedia":[{"embeddable":true,"href":"https:\/\/gobernacionaltaverapaz.gob.gt\/index.php?rest_route=\/wp\/v2\/media\/21726"}],"wp:attachment":[{"href":"https:\/\/gobernacionaltaverapaz.gob.gt\/index.php?rest_route=%2Fwp%2Fv2%2Fmedia&parent=21744"}],"wp:term":[{"taxonomy":"category","embeddable":true,"href":"https:\/\/gobernacionaltaverapaz.gob.gt\/index.php?rest_route=%2Fwp%2Fv2%2Fcategories&post=21744"},{"taxonomy":"post_tag","embeddable":true,"href":"https:\/\/gobernacionaltaverapaz.gob.gt\/index.php?rest_route=%2Fwp%2Fv2%2Ftags&post=21744"}],"curies":[{"name":"wp","href":"https:\/\/api.w.org\/{rel}","templated":true}]}}