{"id":21757,"date":"2025-02-26T18:02:58","date_gmt":"2025-02-27T00:02:58","guid":{"rendered":"https:\/\/gobernacionaltaverapaz.gob.gt\/?p=21757"},"modified":"2025-03-04T15:56:15","modified_gmt":"2025-03-04T21:56:15","slug":"inicio-del-programa-rutas-del-desarrollo","status":"publish","type":"post","link":"https:\/\/gobernacionaltaverapaz.gob.gt\/?p=21757","title":{"rendered":"Inicio del programa &#8220;Rutas del Desarrollo&#8221;"},"content":{"rendered":"<div class=\"xdj266r x11i5rnm xat24cr x1mh8g0r x1vvkbs x126k92a\">\n<div dir=\"auto\" style=\"text-align: justify;\">El presidente de Guatemala, Dr. Bernardo Ar\u00e9valo, junto a su gabinete, fue recibido con entusiasmo en Samox San Lucas, Cob\u00e1n, Alta Verapaz. Esta visita marca el inicio del programa &#8220;Rutas del Desarrollo&#8221; en el departamento, una iniciativa que busca transformar la infraestructura vial en comunidades hist\u00f3ricamente desatendidas.<\/div>\n<\/div>\n<div class=\"x11i5rnm xat24cr x1mh8g0r x1vvkbs xtlvy1s x126k92a\" style=\"text-align: justify;\">\n<div dir=\"auto\">El programa &#8220;Rutas del Desarrollo&#8221; tiene como objetivo mejorar la conectividad en \u00e1reas rurales, facilitando el acceso a servicios b\u00e1sicos y mercados, y promoviendo el desarrollo econ\u00f3mico local. La inauguraci\u00f3n en Alta Verapaz representa un paso significativo hacia la integraci\u00f3n y el progreso de estas comunidades.<\/div>\n<\/div>\n<div class=\"x11i5rnm xat24cr x1mh8g0r x1vvkbs xtlvy1s x126k92a\" style=\"text-align: justify;\">\n<div dir=\"auto\">Durante el evento, el presidente Ar\u00e9valo destac\u00f3 la importancia de estas rutas para reducir la pobreza y mejorar la calidad de vida de los habitantes. Adem\u00e1s, enfatiz\u00f3 el compromiso de su administraci\u00f3n en trabajar de la mano con las autoridades locales y la poblaci\u00f3n para asegurar el \u00e9xito de este proyecto.<\/div>\n<\/div>\n<div class=\"x11i5rnm xat24cr x1mh8g0r x1vvkbs xtlvy1s x126k92a\" style=\"text-align: justify;\">\n<div dir=\"auto\">La implementaci\u00f3n de &#8220;Rutas del Desarrollo&#8221; en Alta Verapaz no solo mejorar\u00e1 la infraestructura vial, sino que tambi\u00e9n fortalecer\u00e1 la econom\u00eda regional al facilitar el comercio y el acceso a nuevos mercados. Este esfuerzo conjunto entre el gobierno central, las autoridades locales y las comunidades es un ejemplo del compromiso por llevar el desarrollo a todos los rincones de Guatemala.<\/div>\n<\/div>\n<div class=\"x11i5rnm xat24cr x1mh8g0r x1vvkbs xtlvy1s x126k92a\">\n<div dir=\"auto\" style=\"text-align: justify;\">Con estas acciones, el gobierno del Dr. Bernardo Ar\u00e9valo reafirma su dedicaci\u00f3n a construir un pa\u00eds m\u00e1s equitativo y pr\u00f3spero, donde cada comunidad tenga las oportunidades y herramientas necesarias para su desarrollo integral.<\/div>\n<\/div>\n<p>&nbsp;<\/p>\n<p>&nbsp;<\/p>\n<div><\/div>\n","protected":false},"excerpt":{"rendered":"<p>El presidente de Guatemala, Dr. Bernardo Ar\u00e9valo, junto a su gabinete, fue recibido con entusiasmo en Samox San Lucas, Cob\u00e1n, Alta Verapaz. Esta visita marca el inicio del programa &#8220;Rutas del Desarrollo&#8221; en el departamento, una iniciativa que busca transformar la infraestructura vial en comunidades hist\u00f3ricamente desatendidas. El programa &#8220;Rutas del Desarrollo&#8221; tiene como objetivo [&hellip;]<\/p>\n","protected":false},"author":1,"featured_media":21746,"comment_status":"closed","ping_status":"open","sticky":false,"template":"","format":"gallery","meta":[],"categories":[4],"tags":[178],"_links":{"self":[{"href":"https:\/\/gobernacionaltaverapaz.gob.gt\/index.php?rest_route=\/wp\/v2\/posts\/21757"}],"collection":[{"href":"https:\/\/gobernacionaltaverapaz.gob.gt\/index.php?rest_route=\/wp\/v2\/posts"}],"about":[{"href":"https:\/\/gobernacionaltaverapaz.gob.gt\/index.php?rest_route=\/wp\/v2\/types\/post"}],"author":[{"embeddable":true,"href":"https:\/\/gobernacionaltaverapaz.gob.gt\/index.php?rest_route=\/wp\/v2\/users\/1"}],"replies":[{"embeddable":true,"href":"https:\/\/gobernacionaltaverapaz.gob.gt\/index.php?rest_route=%2Fwp%2Fv2%2Fcomments&post=21757"}],"version-history":[{"count":1,"href":"https:\/\/gobernacionaltaverapaz.gob.gt\/index.php?rest_route=\/wp\/v2\/posts\/21757\/revisions"}],"predecessor-version":[{"id":21758,"href":"https:\/\/gobernacionaltaverapaz.gob.gt\/index.php?rest_route=\/wp\/v2\/posts\/21757\/revisions\/21758"}],"wp:featuredmedia":[{"embeddable":true,"href":"https:\/\/gobernacionaltaverapaz.gob.gt\/index.php?rest_route=\/wp\/v2\/media\/21746"}],"wp:attachment":[{"href":"https:\/\/gobernacionaltaverapaz.gob.gt\/index.php?rest_route=%2Fwp%2Fv2%2Fmedia&parent=21757"}],"wp:term":[{"taxonomy":"category","embeddable":true,"href":"https:\/\/gobernacionaltaverapaz.gob.gt\/index.php?rest_route=%2Fwp%2Fv2%2Fcategories&post=21757"},{"taxonomy":"post_tag","embeddable":true,"href":"https:\/\/gobernacionaltaverapaz.gob.gt\/index.php?rest_route=%2Fwp%2Fv2%2Ftags&post=21757"}],"curies":[{"name":"wp","href":"https:\/\/api.w.org\/{rel}","templated":true}]}}