{"id":21768,"date":"2025-02-27T15:26:07","date_gmt":"2025-02-27T21:26:07","guid":{"rendered":"https:\/\/gobernacionaltaverapaz.gob.gt\/?p=21768"},"modified":"2025-03-04T16:18:56","modified_gmt":"2025-03-04T22:18:56","slug":"lanzamiento-oficial-del-proyecto-juventud-activa-por-la-paz","status":"publish","type":"post","link":"https:\/\/gobernacionaltaverapaz.gob.gt\/?p=21768","title":{"rendered":"Lanzamiento oficial del proyecto Juventud Activa por la Paz"},"content":{"rendered":"<div class=\"xdj266r x11i5rnm xat24cr x1mh8g0r x1vvkbs x126k92a\">\n<div dir=\"auto\" style=\"text-align: justify;\">El d\u00eda 27 de febrero se llev\u00f3 a cabo el lanzamiento oficial del proyecto Juventud Activa por la Paz, una iniciativa que busca reducir la conflictividad agraria, social y ambiental en el Valle del Polochic a trav\u00e9s del liderazgo juvenil.<\/div>\n<\/div>\n<div class=\"x11i5rnm xat24cr x1mh8g0r x1vvkbs xtlvy1s x126k92a\" style=\"text-align: justify;\">\n<div dir=\"auto\">Este evento reuni\u00f3 a representantes de diversas instituciones y organizaciones comprometidas con la construcci\u00f3n de una paz sostenible. Durante la jornada, se destacaron la importancia de sensibilizar a actores clave, fortalecer alianzas estrat\u00e9gicas y motivar la participaci\u00f3n activa de los j\u00f3venes en sus comunidades.<\/div>\n<\/div>\n<div class=\"x11i5rnm xat24cr x1mh8g0r x1vvkbs xtlvy1s x126k92a\">\n<div dir=\"auto\" style=\"text-align: justify;\">El compromiso refleja el inter\u00e9s por generar soluciones a los desaf\u00edos sociales y ambientales de la regi\u00f3n, apostando por el liderazgo juvenil como un pilar fundamental para la transformaci\u00f3n.<\/div>\n<\/div>\n<p>&nbsp;<\/p>\n<p>&nbsp;<\/p>\n<div><\/div>\n","protected":false},"excerpt":{"rendered":"<p>El d\u00eda 27 de febrero se llev\u00f3 a cabo el lanzamiento oficial del proyecto Juventud Activa por la Paz, una iniciativa que busca reducir la conflictividad agraria, social y ambiental en el Valle del Polochic a trav\u00e9s del liderazgo juvenil. Este evento reuni\u00f3 a representantes de diversas instituciones y organizaciones comprometidas con la construcci\u00f3n de [&hellip;]<\/p>\n","protected":false},"author":1,"featured_media":21759,"comment_status":"closed","ping_status":"open","sticky":false,"template":"","format":"gallery","meta":[],"categories":[183],"tags":[178],"_links":{"self":[{"href":"https:\/\/gobernacionaltaverapaz.gob.gt\/index.php?rest_route=\/wp\/v2\/posts\/21768"}],"collection":[{"href":"https:\/\/gobernacionaltaverapaz.gob.gt\/index.php?rest_route=\/wp\/v2\/posts"}],"about":[{"href":"https:\/\/gobernacionaltaverapaz.gob.gt\/index.php?rest_route=\/wp\/v2\/types\/post"}],"author":[{"embeddable":true,"href":"https:\/\/gobernacionaltaverapaz.gob.gt\/index.php?rest_route=\/wp\/v2\/users\/1"}],"replies":[{"embeddable":true,"href":"https:\/\/gobernacionaltaverapaz.gob.gt\/index.php?rest_route=%2Fwp%2Fv2%2Fcomments&post=21768"}],"version-history":[{"count":1,"href":"https:\/\/gobernacionaltaverapaz.gob.gt\/index.php?rest_route=\/wp\/v2\/posts\/21768\/revisions"}],"predecessor-version":[{"id":21769,"href":"https:\/\/gobernacionaltaverapaz.gob.gt\/index.php?rest_route=\/wp\/v2\/posts\/21768\/revisions\/21769"}],"wp:featuredmedia":[{"embeddable":true,"href":"https:\/\/gobernacionaltaverapaz.gob.gt\/index.php?rest_route=\/wp\/v2\/media\/21759"}],"wp:attachment":[{"href":"https:\/\/gobernacionaltaverapaz.gob.gt\/index.php?rest_route=%2Fwp%2Fv2%2Fmedia&parent=21768"}],"wp:term":[{"taxonomy":"category","embeddable":true,"href":"https:\/\/gobernacionaltaverapaz.gob.gt\/index.php?rest_route=%2Fwp%2Fv2%2Fcategories&post=21768"},{"taxonomy":"post_tag","embeddable":true,"href":"https:\/\/gobernacionaltaverapaz.gob.gt\/index.php?rest_route=%2Fwp%2Fv2%2Ftags&post=21768"}],"curies":[{"name":"wp","href":"https:\/\/api.w.org\/{rel}","templated":true}]}}