{"id":21785,"date":"2025-02-27T15:40:32","date_gmt":"2025-02-27T21:40:32","guid":{"rendered":"https:\/\/gobernacionaltaverapaz.gob.gt\/?p=21785"},"modified":"2025-03-04T16:44:58","modified_gmt":"2025-03-04T22:44:58","slug":"reunion-extraordinaria-de-la-unidad-tecnica-departamental","status":"publish","type":"post","link":"https:\/\/gobernacionaltaverapaz.gob.gt\/?p=21785","title":{"rendered":"Reuni\u00f3n extraordinaria de la Unidad T\u00e9cnica Departamental"},"content":{"rendered":"<div class=\"xdj266r x11i5rnm xat24cr x1mh8g0r x1vvkbs x126k92a\">\n<div dir=\"auto\" style=\"text-align: justify;\">EL d\u00eda de hoy 27 de Febrero en una sesi\u00f3n extraordinaria de la Unidad T\u00e9cnica Departamental (UTD), delegados departamentales y Direcciones Municipales de Planificaci\u00f3n (DMPs) se reunieron con el objetivo de la revisi\u00f3n y evaluaci\u00f3n de proyectos de los municipios de Alta Verapaz.<\/div>\n<\/div>\n<div class=\"x11i5rnm xat24cr x1mh8g0r x1vvkbs xtlvy1s x126k92a\" style=\"text-align: justify;\">\n<div dir=\"auto\">Durante la reuni\u00f3n, los delegados departamentales y Direcciones Municipales de Planificaci\u00f3n, participaron activamente en la discusi\u00f3n y evaluaci\u00f3n de iniciativas y regulaciones para el mejor manejo para garantizar que los recursos sean invertidos de manera eficiente y alineados con las necesidades prioritarias de cada municipio.<\/div>\n<\/div>\n<div class=\"x11i5rnm xat24cr x1mh8g0r x1vvkbs xtlvy1s x126k92a\" style=\"text-align: justify;\">\n<div dir=\"auto\">Puntos clave en la agenda:<\/div>\n<div dir=\"auto\">Aprobaci\u00f3n de nuevos proyectos para su integraci\u00f3n en la inversi\u00f3n 2025.<\/div>\n<div dir=\"auto\">Reprogramaci\u00f3n de proyectos con recursos ordinarios 2025 para una mejor ejecuci\u00f3n.<\/div>\n<div dir=\"auto\">\u00a0Evaluaci\u00f3n y dictamen de proyectos que ser\u00e1n ejecutados con recursos extraordinarios.<\/div>\n<\/div>\n<div class=\"x11i5rnm xat24cr x1mh8g0r x1vvkbs xtlvy1s x126k92a\" style=\"text-align: justify;\">\n<div dir=\"auto\">Esta jornada de trabajo refuerza el compromiso que se busca para el departamento, con la planificaci\u00f3n estrat\u00e9gica y el desarrollo sostenible, asegurando que cada iniciativa cuente con el respaldo necesario para su implementaci\u00f3n.}<\/div>\n<div dir=\"auto\"><\/div>\n<\/div>\n<div class=\"x11i5rnm xat24cr x1mh8g0r x1vvkbs xtlvy1s x126k92a\" style=\"text-align: justify;\">\n<div dir=\"auto\">\u00a1Seguimos avanzando juntos por el bienestar de Alta Verapaz!<\/div>\n<\/div>\n<p style=\"text-align: justify;\">\n<p>&nbsp;<\/p>\n<div><\/div>\n","protected":false},"excerpt":{"rendered":"<p>EL d\u00eda de hoy 27 de Febrero en una sesi\u00f3n extraordinaria de la Unidad T\u00e9cnica Departamental (UTD), delegados departamentales y Direcciones Municipales de Planificaci\u00f3n (DMPs) se reunieron con el objetivo de la revisi\u00f3n y evaluaci\u00f3n de proyectos de los municipios de Alta Verapaz. Durante la reuni\u00f3n, los delegados departamentales y Direcciones Municipales de Planificaci\u00f3n, participaron [&hellip;]<\/p>\n","protected":false},"author":1,"featured_media":21770,"comment_status":"closed","ping_status":"open","sticky":false,"template":"","format":"gallery","meta":[],"categories":[183],"tags":[178],"_links":{"self":[{"href":"https:\/\/gobernacionaltaverapaz.gob.gt\/index.php?rest_route=\/wp\/v2\/posts\/21785"}],"collection":[{"href":"https:\/\/gobernacionaltaverapaz.gob.gt\/index.php?rest_route=\/wp\/v2\/posts"}],"about":[{"href":"https:\/\/gobernacionaltaverapaz.gob.gt\/index.php?rest_route=\/wp\/v2\/types\/post"}],"author":[{"embeddable":true,"href":"https:\/\/gobernacionaltaverapaz.gob.gt\/index.php?rest_route=\/wp\/v2\/users\/1"}],"replies":[{"embeddable":true,"href":"https:\/\/gobernacionaltaverapaz.gob.gt\/index.php?rest_route=%2Fwp%2Fv2%2Fcomments&post=21785"}],"version-history":[{"count":1,"href":"https:\/\/gobernacionaltaverapaz.gob.gt\/index.php?rest_route=\/wp\/v2\/posts\/21785\/revisions"}],"predecessor-version":[{"id":21786,"href":"https:\/\/gobernacionaltaverapaz.gob.gt\/index.php?rest_route=\/wp\/v2\/posts\/21785\/revisions\/21786"}],"wp:featuredmedia":[{"embeddable":true,"href":"https:\/\/gobernacionaltaverapaz.gob.gt\/index.php?rest_route=\/wp\/v2\/media\/21770"}],"wp:attachment":[{"href":"https:\/\/gobernacionaltaverapaz.gob.gt\/index.php?rest_route=%2Fwp%2Fv2%2Fmedia&parent=21785"}],"wp:term":[{"taxonomy":"category","embeddable":true,"href":"https:\/\/gobernacionaltaverapaz.gob.gt\/index.php?rest_route=%2Fwp%2Fv2%2Fcategories&post=21785"},{"taxonomy":"post_tag","embeddable":true,"href":"https:\/\/gobernacionaltaverapaz.gob.gt\/index.php?rest_route=%2Fwp%2Fv2%2Ftags&post=21785"}],"curies":[{"name":"wp","href":"https:\/\/api.w.org\/{rel}","templated":true}]}}