{"id":21800,"date":"2025-03-01T07:00:39","date_gmt":"2025-03-01T13:00:39","guid":{"rendered":"https:\/\/gobernacionaltaverapaz.gob.gt\/?p=21800"},"modified":"2025-03-04T16:54:50","modified_gmt":"2025-03-04T22:54:50","slug":"lanzamiento-oficial-del-plan-de-educacion-ambiental-municipal-peam","status":"publish","type":"post","link":"https:\/\/gobernacionaltaverapaz.gob.gt\/?p=21800","title":{"rendered":"Lanzamiento Oficial del Plan de Educaci\u00f3n Ambiental Municipal (PEAM)"},"content":{"rendered":"<div class=\"xdj266r x11i5rnm xat24cr x1mh8g0r x1vvkbs x126k92a\">\n<div dir=\"auto\" style=\"text-align: justify;\">El d\u00eda viernes 28 de febrero, se realiz\u00f3 el Lanzamiento Oficial del Plan de Educaci\u00f3n Ambiental Municipal (PEAM), llevado a cabo en el Audit\u00f3rium de San Pedro Carch\u00e1.<\/div>\n<\/div>\n<div class=\"x11i5rnm xat24cr x1mh8g0r x1vvkbs xtlvy1s x126k92a\" style=\"text-align: justify;\">\n<div dir=\"auto\">Este importante evento fue liderado por el Alcalde Municipal y cont\u00f3 con la presencia de delegados del Ministerio de Ambiente y Recursos Naturales (MARN), representantes del Ministerio de Educaci\u00f3n (MINEDUC), organizaciones no gubernamentales, as\u00ed como la Gobernadora Departamental de Alta Verapaz y estudiantes de distintos establecimientos educativos.<\/div>\n<\/div>\n<div class=\"x11i5rnm xat24cr x1mh8g0r x1vvkbs xtlvy1s x126k92a\">\n<div dir=\"auto\" style=\"text-align: justify;\">El PEAM tiene como objetivo principal la implementaci\u00f3n de estrategias municipales para el adecuado manejo de desechos s\u00f3lidos en centros educativos y en la poblaci\u00f3n en general, promoviendo una cultura ambiental responsable.<\/div>\n<\/div>\n<p>&nbsp;<\/p>\n<div><\/div>\n","protected":false},"excerpt":{"rendered":"<p>El d\u00eda viernes 28 de febrero, se realiz\u00f3 el Lanzamiento Oficial del Plan de Educaci\u00f3n Ambiental Municipal (PEAM), llevado a cabo en el Audit\u00f3rium de San Pedro Carch\u00e1. Este importante evento fue liderado por el Alcalde Municipal y cont\u00f3 con la presencia de delegados del Ministerio de Ambiente y Recursos Naturales (MARN), representantes del Ministerio [&hellip;]<\/p>\n","protected":false},"author":1,"featured_media":21787,"comment_status":"closed","ping_status":"open","sticky":false,"template":"","format":"gallery","meta":[],"categories":[183],"tags":[178],"_links":{"self":[{"href":"https:\/\/gobernacionaltaverapaz.gob.gt\/index.php?rest_route=\/wp\/v2\/posts\/21800"}],"collection":[{"href":"https:\/\/gobernacionaltaverapaz.gob.gt\/index.php?rest_route=\/wp\/v2\/posts"}],"about":[{"href":"https:\/\/gobernacionaltaverapaz.gob.gt\/index.php?rest_route=\/wp\/v2\/types\/post"}],"author":[{"embeddable":true,"href":"https:\/\/gobernacionaltaverapaz.gob.gt\/index.php?rest_route=\/wp\/v2\/users\/1"}],"replies":[{"embeddable":true,"href":"https:\/\/gobernacionaltaverapaz.gob.gt\/index.php?rest_route=%2Fwp%2Fv2%2Fcomments&post=21800"}],"version-history":[{"count":1,"href":"https:\/\/gobernacionaltaverapaz.gob.gt\/index.php?rest_route=\/wp\/v2\/posts\/21800\/revisions"}],"predecessor-version":[{"id":21801,"href":"https:\/\/gobernacionaltaverapaz.gob.gt\/index.php?rest_route=\/wp\/v2\/posts\/21800\/revisions\/21801"}],"wp:featuredmedia":[{"embeddable":true,"href":"https:\/\/gobernacionaltaverapaz.gob.gt\/index.php?rest_route=\/wp\/v2\/media\/21787"}],"wp:attachment":[{"href":"https:\/\/gobernacionaltaverapaz.gob.gt\/index.php?rest_route=%2Fwp%2Fv2%2Fmedia&parent=21800"}],"wp:term":[{"taxonomy":"category","embeddable":true,"href":"https:\/\/gobernacionaltaverapaz.gob.gt\/index.php?rest_route=%2Fwp%2Fv2%2Fcategories&post=21800"},{"taxonomy":"post_tag","embeddable":true,"href":"https:\/\/gobernacionaltaverapaz.gob.gt\/index.php?rest_route=%2Fwp%2Fv2%2Ftags&post=21800"}],"curies":[{"name":"wp","href":"https:\/\/api.w.org\/{rel}","templated":true}]}}