{"id":21833,"date":"2025-03-04T11:10:59","date_gmt":"2025-03-04T17:10:59","guid":{"rendered":"https:\/\/gobernacionaltaverapaz.gob.gt\/?p=21833"},"modified":"2025-03-25T01:12:33","modified_gmt":"2025-03-25T07:12:33","slug":"gobernadora-departamental-de-alta-verapaz-inicio-formalmente-sus-diligencias-de-visita-a-las-distintas-sub-comisarias-de-la-pnc","status":"publish","type":"post","link":"https:\/\/gobernacionaltaverapaz.gob.gt\/?p=21833","title":{"rendered":"Gobernadora Departamental de Alta Verapaz inici\u00f3 formalmente sus diligencias de visita a las distintas Sub comisar\u00edas de la (PNC)"},"content":{"rendered":"<div class=\"xdj266r x11i5rnm xat24cr x1mh8g0r x1vvkbs x126k92a\">\n<div dir=\"auto\" style=\"text-align: justify;\">El d\u00eda 01 de marzo, la Gobernadora Departamental de Alta Verapaz inici\u00f3 formalmente sus diligencias de visita a las distintas Sub comisarias de la Polic\u00eda Nacional Civil (PNC), iniciando en el municipio de Tucur\u00fa.<\/div>\n<\/div>\n<div class=\"x11i5rnm xat24cr x1mh8g0r x1vvkbs xtlvy1s x126k92a\">\n<div dir=\"auto\" style=\"text-align: justify;\">Durante esta visita, la Gobernadora Departamental, llev\u00f3 a cabo consultas sobre el funcionamiento operativo de la delegaci\u00f3n policial en la localidad, abordando aspectos relacionados con la seguridad ciudadana, capacidad de respuesta ante emergencias y la coordinaci\u00f3n con otras entidades gubernamentales.<\/div>\n<\/div>\n<p>&nbsp;<\/p>\n<p>&nbsp;<\/p>\n<div><\/div>\n","protected":false},"excerpt":{"rendered":"<p>El d\u00eda 01 de marzo, la Gobernadora Departamental de Alta Verapaz inici\u00f3 formalmente sus diligencias de visita a las distintas Sub comisarias de la Polic\u00eda Nacional Civil (PNC), iniciando en el municipio de Tucur\u00fa. Durante esta visita, la Gobernadora Departamental, llev\u00f3 a cabo consultas sobre el funcionamiento operativo de la delegaci\u00f3n policial en la localidad, [&hellip;]<\/p>\n","protected":false},"author":1,"featured_media":21827,"comment_status":"closed","ping_status":"open","sticky":false,"template":"","format":"gallery","meta":[],"categories":[197],"tags":[178],"_links":{"self":[{"href":"https:\/\/gobernacionaltaverapaz.gob.gt\/index.php?rest_route=\/wp\/v2\/posts\/21833"}],"collection":[{"href":"https:\/\/gobernacionaltaverapaz.gob.gt\/index.php?rest_route=\/wp\/v2\/posts"}],"about":[{"href":"https:\/\/gobernacionaltaverapaz.gob.gt\/index.php?rest_route=\/wp\/v2\/types\/post"}],"author":[{"embeddable":true,"href":"https:\/\/gobernacionaltaverapaz.gob.gt\/index.php?rest_route=\/wp\/v2\/users\/1"}],"replies":[{"embeddable":true,"href":"https:\/\/gobernacionaltaverapaz.gob.gt\/index.php?rest_route=%2Fwp%2Fv2%2Fcomments&post=21833"}],"version-history":[{"count":1,"href":"https:\/\/gobernacionaltaverapaz.gob.gt\/index.php?rest_route=\/wp\/v2\/posts\/21833\/revisions"}],"predecessor-version":[{"id":21834,"href":"https:\/\/gobernacionaltaverapaz.gob.gt\/index.php?rest_route=\/wp\/v2\/posts\/21833\/revisions\/21834"}],"wp:featuredmedia":[{"embeddable":true,"href":"https:\/\/gobernacionaltaverapaz.gob.gt\/index.php?rest_route=\/wp\/v2\/media\/21827"}],"wp:attachment":[{"href":"https:\/\/gobernacionaltaverapaz.gob.gt\/index.php?rest_route=%2Fwp%2Fv2%2Fmedia&parent=21833"}],"wp:term":[{"taxonomy":"category","embeddable":true,"href":"https:\/\/gobernacionaltaverapaz.gob.gt\/index.php?rest_route=%2Fwp%2Fv2%2Fcategories&post=21833"},{"taxonomy":"post_tag","embeddable":true,"href":"https:\/\/gobernacionaltaverapaz.gob.gt\/index.php?rest_route=%2Fwp%2Fv2%2Ftags&post=21833"}],"curies":[{"name":"wp","href":"https:\/\/api.w.org\/{rel}","templated":true}]}}