{"id":21846,"date":"2025-03-04T11:42:18","date_gmt":"2025-03-04T17:42:18","guid":{"rendered":"https:\/\/gobernacionaltaverapaz.gob.gt\/?p=21846"},"modified":"2025-03-25T01:22:45","modified_gmt":"2025-03-25T07:22:45","slug":"alta-verapaz-conmemora-el-dia-internacional-de-la-mujer","status":"publish","type":"post","link":"https:\/\/gobernacionaltaverapaz.gob.gt\/?p=21846","title":{"rendered":"Alta Verapaz conmemora el D\u00eda Internacional de la Mujer"},"content":{"rendered":"<div class=\"x11i5rnm xat24cr x1mh8g0r x1vvkbs xtlvy1s x126k92a\">\n<div dir=\"auto\" style=\"text-align: justify;\">Este 4 de marzo se llev\u00f3 a cabo el evento en conmemoraci\u00f3n del D\u00eda Internacional de la Mujer, un espacio de reflexi\u00f3n sobre la lucha y los derechos de las mujeres.<\/div>\n<div dir=\"auto\"><\/div>\n<\/div>\n<div class=\"x11i5rnm xat24cr x1mh8g0r x1vvkbs xtlvy1s x126k92a\" style=\"text-align: justify;\">\n<div dir=\"auto\">La Gobernadora Departamental, Lcda. Dilia Margarita Co Coy, destac\u00f3 el compromiso por la equidad de g\u00e9nero y el respeto a los derechos de las mujeres. Adem\u00e1s, se present\u00f3 la rese\u00f1a hist\u00f3rica del 8 de marzo y se relanz\u00f3 la campa\u00f1a &#8220;Vivamos en Armon\u00eda \u2013 Wank Sa\u2019tuqtuukilal&#8221;, impulsada por las juventudes.<\/div>\n<\/div>\n<div class=\"x11i5rnm xat24cr x1mh8g0r x1vvkbs xtlvy1s x126k92a\">\n<div dir=\"auto\" style=\"text-align: justify;\">El evento cont\u00f3 con la participaci\u00f3n de j\u00f3venes, periodistas, DIDEDUC, la Mesa de Juventudes, la Red de Derivaci\u00f3n, Mercy Corps y M\u00e9dicos del Mundo, reafirmando el compromiso de construir una sociedad m\u00e1s justa e igualitaria.<\/div>\n<\/div>\n<p>&nbsp;<\/p>\n<p>&nbsp;<\/p>\n<div><\/div>\n","protected":false},"excerpt":{"rendered":"<p>Este 4 de marzo se llev\u00f3 a cabo el evento en conmemoraci\u00f3n del D\u00eda Internacional de la Mujer, un espacio de reflexi\u00f3n sobre la lucha y los derechos de las mujeres. La Gobernadora Departamental, Lcda. Dilia Margarita Co Coy, destac\u00f3 el compromiso por la equidad de g\u00e9nero y el respeto a los derechos de las [&hellip;]<\/p>\n","protected":false},"author":1,"featured_media":21847,"comment_status":"closed","ping_status":"open","sticky":false,"template":"","format":"gallery","meta":[],"categories":[183],"tags":[178],"_links":{"self":[{"href":"https:\/\/gobernacionaltaverapaz.gob.gt\/index.php?rest_route=\/wp\/v2\/posts\/21846"}],"collection":[{"href":"https:\/\/gobernacionaltaverapaz.gob.gt\/index.php?rest_route=\/wp\/v2\/posts"}],"about":[{"href":"https:\/\/gobernacionaltaverapaz.gob.gt\/index.php?rest_route=\/wp\/v2\/types\/post"}],"author":[{"embeddable":true,"href":"https:\/\/gobernacionaltaverapaz.gob.gt\/index.php?rest_route=\/wp\/v2\/users\/1"}],"replies":[{"embeddable":true,"href":"https:\/\/gobernacionaltaverapaz.gob.gt\/index.php?rest_route=%2Fwp%2Fv2%2Fcomments&post=21846"}],"version-history":[{"count":1,"href":"https:\/\/gobernacionaltaverapaz.gob.gt\/index.php?rest_route=\/wp\/v2\/posts\/21846\/revisions"}],"predecessor-version":[{"id":21848,"href":"https:\/\/gobernacionaltaverapaz.gob.gt\/index.php?rest_route=\/wp\/v2\/posts\/21846\/revisions\/21848"}],"wp:featuredmedia":[{"embeddable":true,"href":"https:\/\/gobernacionaltaverapaz.gob.gt\/index.php?rest_route=\/wp\/v2\/media\/21847"}],"wp:attachment":[{"href":"https:\/\/gobernacionaltaverapaz.gob.gt\/index.php?rest_route=%2Fwp%2Fv2%2Fmedia&parent=21846"}],"wp:term":[{"taxonomy":"category","embeddable":true,"href":"https:\/\/gobernacionaltaverapaz.gob.gt\/index.php?rest_route=%2Fwp%2Fv2%2Fcategories&post=21846"},{"taxonomy":"post_tag","embeddable":true,"href":"https:\/\/gobernacionaltaverapaz.gob.gt\/index.php?rest_route=%2Fwp%2Fv2%2Ftags&post=21846"}],"curies":[{"name":"wp","href":"https:\/\/api.w.org\/{rel}","templated":true}]}}