{"id":21871,"date":"2025-03-06T17:58:37","date_gmt":"2025-03-06T23:58:37","guid":{"rendered":"https:\/\/gobernacionaltaverapaz.gob.gt\/?p=21871"},"modified":"2025-03-25T01:40:10","modified_gmt":"2025-03-25T07:40:10","slug":"festival-de-bienestar-integral-en-conmemoracion-del-dia-de-la-mujer","status":"publish","type":"post","link":"https:\/\/gobernacionaltaverapaz.gob.gt\/?p=21871","title":{"rendered":"Festival de Bienestar Integral en conmemoraci\u00f3n del D\u00eda de la Mujer"},"content":{"rendered":"<div class=\"x11i5rnm xat24cr x1mh8g0r x1vvkbs xtlvy1s x126k92a\">\n<div dir=\"auto\" style=\"text-align: justify;\">Hoy 06 de Marzo, en el sal\u00f3n de la Escuela de Comercio, se llev\u00f3 a cabo el Primer Festival de Bienestar Integral en honor al D\u00eda Internacional de la Mujer. Este evento fue organizado por Cooperativa Cob\u00e1n y cont\u00f3 con la participaci\u00f3n de directores, l\u00edderes y figuras clave.<\/div>\n<\/div>\n<div class=\"x11i5rnm xat24cr x1mh8g0r x1vvkbs xtlvy1s x126k92a\" style=\"text-align: justify;\">\n<div dir=\"auto\">Durante la jornada, se realizaron diversas actividades enfocadas en el bienestar de las mujeres y su desarrollo integral. Adem\u00e1s, se entregaron reconocimientos a instituciones destacadas, que han trabajado incansablemente para visibilizar y empoderar a las mujeres en distintos rincones del pa\u00eds.<\/div>\n<\/div>\n<div dir=\"auto\" style=\"text-align: justify;\"><\/div>\n<div class=\"x11i5rnm xat24cr x1mh8g0r x1vvkbs xtlvy1s x126k92a\">\n<div dir=\"auto\" style=\"text-align: justify;\">\u00a1Un evento inspirador que refuerza el compromiso con la equidad y el bienestar de todas!<\/div>\n<\/div>\n<p>&nbsp;<\/p>\n<p>&nbsp;<\/p>\n<div><\/div>\n","protected":false},"excerpt":{"rendered":"<p>Hoy 06 de Marzo, en el sal\u00f3n de la Escuela de Comercio, se llev\u00f3 a cabo el Primer Festival de Bienestar Integral en honor al D\u00eda Internacional de la Mujer. Este evento fue organizado por Cooperativa Cob\u00e1n y cont\u00f3 con la participaci\u00f3n de directores, l\u00edderes y figuras clave. Durante la jornada, se realizaron diversas actividades [&hellip;]<\/p>\n","protected":false},"author":1,"featured_media":21859,"comment_status":"closed","ping_status":"open","sticky":false,"template":"","format":"gallery","meta":[],"categories":[183],"tags":[178],"_links":{"self":[{"href":"https:\/\/gobernacionaltaverapaz.gob.gt\/index.php?rest_route=\/wp\/v2\/posts\/21871"}],"collection":[{"href":"https:\/\/gobernacionaltaverapaz.gob.gt\/index.php?rest_route=\/wp\/v2\/posts"}],"about":[{"href":"https:\/\/gobernacionaltaverapaz.gob.gt\/index.php?rest_route=\/wp\/v2\/types\/post"}],"author":[{"embeddable":true,"href":"https:\/\/gobernacionaltaverapaz.gob.gt\/index.php?rest_route=\/wp\/v2\/users\/1"}],"replies":[{"embeddable":true,"href":"https:\/\/gobernacionaltaverapaz.gob.gt\/index.php?rest_route=%2Fwp%2Fv2%2Fcomments&post=21871"}],"version-history":[{"count":1,"href":"https:\/\/gobernacionaltaverapaz.gob.gt\/index.php?rest_route=\/wp\/v2\/posts\/21871\/revisions"}],"predecessor-version":[{"id":21872,"href":"https:\/\/gobernacionaltaverapaz.gob.gt\/index.php?rest_route=\/wp\/v2\/posts\/21871\/revisions\/21872"}],"wp:featuredmedia":[{"embeddable":true,"href":"https:\/\/gobernacionaltaverapaz.gob.gt\/index.php?rest_route=\/wp\/v2\/media\/21859"}],"wp:attachment":[{"href":"https:\/\/gobernacionaltaverapaz.gob.gt\/index.php?rest_route=%2Fwp%2Fv2%2Fmedia&parent=21871"}],"wp:term":[{"taxonomy":"category","embeddable":true,"href":"https:\/\/gobernacionaltaverapaz.gob.gt\/index.php?rest_route=%2Fwp%2Fv2%2Fcategories&post=21871"},{"taxonomy":"post_tag","embeddable":true,"href":"https:\/\/gobernacionaltaverapaz.gob.gt\/index.php?rest_route=%2Fwp%2Fv2%2Ftags&post=21871"}],"curies":[{"name":"wp","href":"https:\/\/api.w.org\/{rel}","templated":true}]}}