{"id":21888,"date":"2025-03-06T18:01:29","date_gmt":"2025-03-07T00:01:29","guid":{"rendered":"https:\/\/gobernacionaltaverapaz.gob.gt\/?p=21888"},"modified":"2025-03-25T01:51:56","modified_gmt":"2025-03-25T07:51:56","slug":"lanzamiento-del-proceso-de-alfabetizacion-2025-de-conalfa","status":"publish","type":"post","link":"https:\/\/gobernacionaltaverapaz.gob.gt\/?p=21888","title":{"rendered":"Lanzamiento del proceso de alfabetizaci\u00f3n 2025 de CONALFA"},"content":{"rendered":"<div class=\"xdj266r x11i5rnm xat24cr x1mh8g0r x1vvkbs x126k92a\">\n<div dir=\"auto\" style=\"text-align: justify;\">En un esfuerzo por reducir el analfabetismo y brindar oportunidades de educaci\u00f3n a m\u00e1s personas, hoy se llev\u00f3 a cabo el lanzamiento del proceso de alfabetizaci\u00f3n 2025 de CONALFA.<\/div>\n<\/div>\n<div class=\"x11i5rnm xat24cr x1mh8g0r x1vvkbs xtlvy1s x126k92a\" style=\"text-align: justify;\">\n<div dir=\"auto\">Este importante proyecto busca garantizar que m\u00e1s guatemaltecos y guatemaltecas puedan aprender a leer y escribir, abri\u00e9ndoles nuevas puertas en su desarrollo personal y profesional.<\/div>\n<\/div>\n<div class=\"x11i5rnm xat24cr x1mh8g0r x1vvkbs xtlvy1s x126k92a\">\n<div dir=\"auto\" style=\"text-align: justify;\">La educaci\u00f3n es un derecho fundamental, y este programa representa un gran paso hacia un futuro con m\u00e1s oportunidades para todos.<\/div>\n<\/div>\n<div dir=\"auto\"><\/div>\n<div dir=\"auto\"><\/div>\n<div class=\"x11i5rnm xat24cr x1mh8g0r x1vvkbs xtlvy1s x126k92a\">\n<div dir=\"auto\">\u00a1Porque nunca es tarde para aprender y seguir creciendo!<\/div>\n<\/div>\n<p>&nbsp;<\/p>\n<p>&nbsp;<\/p>\n<div><\/div>\n","protected":false},"excerpt":{"rendered":"<p>En un esfuerzo por reducir el analfabetismo y brindar oportunidades de educaci\u00f3n a m\u00e1s personas, hoy se llev\u00f3 a cabo el lanzamiento del proceso de alfabetizaci\u00f3n 2025 de CONALFA. Este importante proyecto busca garantizar que m\u00e1s guatemaltecos y guatemaltecas puedan aprender a leer y escribir, abri\u00e9ndoles nuevas puertas en su desarrollo personal y profesional. La [&hellip;]<\/p>\n","protected":false},"author":1,"featured_media":21873,"comment_status":"closed","ping_status":"open","sticky":false,"template":"","format":"gallery","meta":[],"categories":[183,2],"tags":[178],"_links":{"self":[{"href":"https:\/\/gobernacionaltaverapaz.gob.gt\/index.php?rest_route=\/wp\/v2\/posts\/21888"}],"collection":[{"href":"https:\/\/gobernacionaltaverapaz.gob.gt\/index.php?rest_route=\/wp\/v2\/posts"}],"about":[{"href":"https:\/\/gobernacionaltaverapaz.gob.gt\/index.php?rest_route=\/wp\/v2\/types\/post"}],"author":[{"embeddable":true,"href":"https:\/\/gobernacionaltaverapaz.gob.gt\/index.php?rest_route=\/wp\/v2\/users\/1"}],"replies":[{"embeddable":true,"href":"https:\/\/gobernacionaltaverapaz.gob.gt\/index.php?rest_route=%2Fwp%2Fv2%2Fcomments&post=21888"}],"version-history":[{"count":1,"href":"https:\/\/gobernacionaltaverapaz.gob.gt\/index.php?rest_route=\/wp\/v2\/posts\/21888\/revisions"}],"predecessor-version":[{"id":21889,"href":"https:\/\/gobernacionaltaverapaz.gob.gt\/index.php?rest_route=\/wp\/v2\/posts\/21888\/revisions\/21889"}],"wp:featuredmedia":[{"embeddable":true,"href":"https:\/\/gobernacionaltaverapaz.gob.gt\/index.php?rest_route=\/wp\/v2\/media\/21873"}],"wp:attachment":[{"href":"https:\/\/gobernacionaltaverapaz.gob.gt\/index.php?rest_route=%2Fwp%2Fv2%2Fmedia&parent=21888"}],"wp:term":[{"taxonomy":"category","embeddable":true,"href":"https:\/\/gobernacionaltaverapaz.gob.gt\/index.php?rest_route=%2Fwp%2Fv2%2Fcategories&post=21888"},{"taxonomy":"post_tag","embeddable":true,"href":"https:\/\/gobernacionaltaverapaz.gob.gt\/index.php?rest_route=%2Fwp%2Fv2%2Ftags&post=21888"}],"curies":[{"name":"wp","href":"https:\/\/api.w.org\/{rel}","templated":true}]}}