{"id":21905,"date":"2025-03-06T18:03:44","date_gmt":"2025-03-07T00:03:44","guid":{"rendered":"https:\/\/gobernacionaltaverapaz.gob.gt\/?p=21905"},"modified":"2025-03-25T09:46:22","modified_gmt":"2025-03-25T15:46:22","slug":"inauguracion-del-proyecto-de-mejoramiento-de-la-escuela-primaria-en-aldea-chiacal-tactic","status":"publish","type":"post","link":"https:\/\/gobernacionaltaverapaz.gob.gt\/?p=21905","title":{"rendered":"Inauguraci\u00f3n del proyecto de Mejoramiento de la Escuela Primaria en Aldea Chiacal, Tactic"},"content":{"rendered":"<div class=\"xdj266r x11i5rnm xat24cr x1mh8g0r x1vvkbs x126k92a\">\n<div dir=\"auto\" style=\"text-align: justify;\">Hoy celebramos un gran avance en la educaci\u00f3n de Alta Verapaz con la inauguraci\u00f3n del proyecto de Mejoramiento de la Escuela Primaria en Aldea Chiacal, Tactic, realizado bajo el Convenio 029-2024.<\/div>\n<\/div>\n<div class=\"x11i5rnm xat24cr x1mh8g0r x1vvkbs xtlvy1s x126k92a\">\n<div dir=\"auto\" style=\"text-align: justify;\">Este logro ha sido posible gracias al esfuerzo conjunto entre la alcald\u00eda municipal y la Gobernaci\u00f3n Departamental, demostrando que la educaci\u00f3n es una prioridad para el desarrollo de nuestras comunidades. Maestros, estudiantes y vecinos se unieron a la celebraci\u00f3n, reconociendo la importancia de esta iniciativa que permitir\u00e1 mejores condiciones de aprendizaje para la ni\u00f1ez.<\/div>\n<\/div>\n<div class=\"x11i5rnm xat24cr x1mh8g0r x1vvkbs xtlvy1s x126k92a\">\n<div dir=\"auto\"><\/div>\n<div dir=\"auto\">\u00a0\u00a1Un paso m\u00e1s hacia un futuro con m\u00e1s oportunidades para todos!<\/div>\n<\/div>\n<p>&nbsp;<\/p>\n<p>&nbsp;<\/p>\n<div><\/div>\n","protected":false},"excerpt":{"rendered":"<p>Hoy celebramos un gran avance en la educaci\u00f3n de Alta Verapaz con la inauguraci\u00f3n del proyecto de Mejoramiento de la Escuela Primaria en Aldea Chiacal, Tactic, realizado bajo el Convenio 029-2024. Este logro ha sido posible gracias al esfuerzo conjunto entre la alcald\u00eda municipal y la Gobernaci\u00f3n Departamental, demostrando que la educaci\u00f3n es una prioridad [&hellip;]<\/p>\n","protected":false},"author":1,"featured_media":21906,"comment_status":"closed","ping_status":"open","sticky":false,"template":"","format":"gallery","meta":[],"categories":[183,2],"tags":[178],"_links":{"self":[{"href":"https:\/\/gobernacionaltaverapaz.gob.gt\/index.php?rest_route=\/wp\/v2\/posts\/21905"}],"collection":[{"href":"https:\/\/gobernacionaltaverapaz.gob.gt\/index.php?rest_route=\/wp\/v2\/posts"}],"about":[{"href":"https:\/\/gobernacionaltaverapaz.gob.gt\/index.php?rest_route=\/wp\/v2\/types\/post"}],"author":[{"embeddable":true,"href":"https:\/\/gobernacionaltaverapaz.gob.gt\/index.php?rest_route=\/wp\/v2\/users\/1"}],"replies":[{"embeddable":true,"href":"https:\/\/gobernacionaltaverapaz.gob.gt\/index.php?rest_route=%2Fwp%2Fv2%2Fcomments&post=21905"}],"version-history":[{"count":1,"href":"https:\/\/gobernacionaltaverapaz.gob.gt\/index.php?rest_route=\/wp\/v2\/posts\/21905\/revisions"}],"predecessor-version":[{"id":21907,"href":"https:\/\/gobernacionaltaverapaz.gob.gt\/index.php?rest_route=\/wp\/v2\/posts\/21905\/revisions\/21907"}],"wp:featuredmedia":[{"embeddable":true,"href":"https:\/\/gobernacionaltaverapaz.gob.gt\/index.php?rest_route=\/wp\/v2\/media\/21906"}],"wp:attachment":[{"href":"https:\/\/gobernacionaltaverapaz.gob.gt\/index.php?rest_route=%2Fwp%2Fv2%2Fmedia&parent=21905"}],"wp:term":[{"taxonomy":"category","embeddable":true,"href":"https:\/\/gobernacionaltaverapaz.gob.gt\/index.php?rest_route=%2Fwp%2Fv2%2Fcategories&post=21905"},{"taxonomy":"post_tag","embeddable":true,"href":"https:\/\/gobernacionaltaverapaz.gob.gt\/index.php?rest_route=%2Fwp%2Fv2%2Ftags&post=21905"}],"curies":[{"name":"wp","href":"https:\/\/api.w.org\/{rel}","templated":true}]}}