{"id":21923,"date":"2025-03-09T15:49:01","date_gmt":"2025-03-09T21:49:01","guid":{"rendered":"https:\/\/gobernacionaltaverapaz.gob.gt\/?p=21923"},"modified":"2025-03-25T09:56:06","modified_gmt":"2025-03-25T15:56:06","slug":"3er-festival-de-tejeduria-en-tactic-alta-verapaz","status":"publish","type":"post","link":"https:\/\/gobernacionaltaverapaz.gob.gt\/?p=21923","title":{"rendered":"3er Festival de Tejedur\u00eda en Tactic, Alta Verapaz"},"content":{"rendered":"<div class=\"x11i5rnm xat24cr x1mh8g0r x1vvkbs xtlvy1s x126k92a\">\n<div dir=\"auto\" style=\"text-align: justify;\">En Tactic, Alta Verapaz, se celebr\u00f3 el 3er Festival de Tejedur\u00eda, un evento donde las mujeres tejedoras mostraron su talento con el telar de cintura, una t\u00e9cnica ancestral que sigue viva en las comunidades mayas.<\/div>\n<div dir=\"auto\" style=\"text-align: justify;\"><\/div>\n<\/div>\n<div class=\"x11i5rnm xat24cr x1mh8g0r x1vvkbs xtlvy1s x126k92a\" style=\"text-align: justify;\">\n<div dir=\"auto\">La actividad fue organizada por la Red de Tejedoras de Alta Verapaz y cont\u00f3 con la presencia de la Gobernadora Departamental, representantes del Ministerio de Econom\u00eda, a trav\u00e9s del Programa Innovaci\u00f3n Artesanal, as\u00ed como de lideresas comunitarias y expertas en textiles.<\/div>\n<\/div>\n<div class=\"x11i5rnm xat24cr x1mh8g0r x1vvkbs xtlvy1s x126k92a\">\n<div dir=\"auto\">Se habl\u00f3 sobre la Iniciativa de Ley 6136, que busca proteger los dise\u00f1os de los textiles mayas.<\/div>\n<div dir=\"auto\">Se imparti\u00f3 un taller sobre la teor\u00eda del color, ayudando a las tejedoras a mejorar sus combinaciones y dise\u00f1os.<\/div>\n<div dir=\"auto\">Se abrieron espacios de exposici\u00f3n y venta.<\/div>\n<div dir=\"auto\">Se realiz\u00f3 una pasarela textil, donde se presentaron diferentes tejidos con colores, formas y estilos que representan la identidad y cultura del pueblo maya.<\/div>\n<\/div>\n<div class=\"x11i5rnm xat24cr x1mh8g0r x1vvkbs xtlvy1s x126k92a\" style=\"text-align: justify;\">\n<div dir=\"auto\">Este festival no solo celebra el arte del tejido, sino que tambi\u00e9n busca garantizar que las mujeres tejedoras sean reconocidas, protegidas y apoyadas en su trabajo.<\/div>\n<\/div>\n<div dir=\"auto\"><\/div>\n<div dir=\"auto\"><\/div>\n<div class=\"x11i5rnm xat24cr x1mh8g0r x1vvkbs xtlvy1s x126k92a\">\n<div dir=\"auto\" style=\"text-align: justify;\">\u00a1Apoyemos el arte textil y valoremos el esfuerzo de nuestras tejedoras!<\/div>\n<\/div>\n<p>&nbsp;<\/p>\n<p>&nbsp;<\/p>\n<div><\/div>\n","protected":false},"excerpt":{"rendered":"<p>En Tactic, Alta Verapaz, se celebr\u00f3 el 3er Festival de Tejedur\u00eda, un evento donde las mujeres tejedoras mostraron su talento con el telar de cintura, una t\u00e9cnica ancestral que sigue viva en las comunidades mayas. La actividad fue organizada por la Red de Tejedoras de Alta Verapaz y cont\u00f3 con la presencia de la Gobernadora [&hellip;]<\/p>\n","protected":false},"author":1,"featured_media":21908,"comment_status":"closed","ping_status":"open","sticky":false,"template":"","format":"gallery","meta":[],"categories":[183],"tags":[178],"_links":{"self":[{"href":"https:\/\/gobernacionaltaverapaz.gob.gt\/index.php?rest_route=\/wp\/v2\/posts\/21923"}],"collection":[{"href":"https:\/\/gobernacionaltaverapaz.gob.gt\/index.php?rest_route=\/wp\/v2\/posts"}],"about":[{"href":"https:\/\/gobernacionaltaverapaz.gob.gt\/index.php?rest_route=\/wp\/v2\/types\/post"}],"author":[{"embeddable":true,"href":"https:\/\/gobernacionaltaverapaz.gob.gt\/index.php?rest_route=\/wp\/v2\/users\/1"}],"replies":[{"embeddable":true,"href":"https:\/\/gobernacionaltaverapaz.gob.gt\/index.php?rest_route=%2Fwp%2Fv2%2Fcomments&post=21923"}],"version-history":[{"count":1,"href":"https:\/\/gobernacionaltaverapaz.gob.gt\/index.php?rest_route=\/wp\/v2\/posts\/21923\/revisions"}],"predecessor-version":[{"id":21924,"href":"https:\/\/gobernacionaltaverapaz.gob.gt\/index.php?rest_route=\/wp\/v2\/posts\/21923\/revisions\/21924"}],"wp:featuredmedia":[{"embeddable":true,"href":"https:\/\/gobernacionaltaverapaz.gob.gt\/index.php?rest_route=\/wp\/v2\/media\/21908"}],"wp:attachment":[{"href":"https:\/\/gobernacionaltaverapaz.gob.gt\/index.php?rest_route=%2Fwp%2Fv2%2Fmedia&parent=21923"}],"wp:term":[{"taxonomy":"category","embeddable":true,"href":"https:\/\/gobernacionaltaverapaz.gob.gt\/index.php?rest_route=%2Fwp%2Fv2%2Fcategories&post=21923"},{"taxonomy":"post_tag","embeddable":true,"href":"https:\/\/gobernacionaltaverapaz.gob.gt\/index.php?rest_route=%2Fwp%2Fv2%2Ftags&post=21923"}],"curies":[{"name":"wp","href":"https:\/\/api.w.org\/{rel}","templated":true}]}}