{"id":21939,"date":"2025-03-09T16:30:22","date_gmt":"2025-03-09T22:30:22","guid":{"rendered":"https:\/\/gobernacionaltaverapaz.gob.gt\/?p=21939"},"modified":"2025-03-25T10:03:59","modified_gmt":"2025-03-25T16:03:59","slug":"carrera-8k-en-conmemoracion-del-dia-de-la-mujer","status":"publish","type":"post","link":"https:\/\/gobernacionaltaverapaz.gob.gt\/?p=21939","title":{"rendered":"Carrera 8K en Conmemoraci\u00f3n del D\u00eda de la Mujer"},"content":{"rendered":"<div class=\"x11i5rnm xat24cr x1mh8g0r x1vvkbs xtlvy1s x126k92a\">\n<div dir=\"auto\" style=\"text-align: justify;\">Hoy, 09 de Marzo , se llev\u00f3 a cabo la Carrera 8K en conmemoraci\u00f3n del D\u00eda Internacional de la Mujer, una actividad llena de energ\u00eda, entusiasmo y un gran mensaje de uni\u00f3n y empoderamiento femenino.<\/div>\n<div dir=\"auto\" style=\"text-align: justify;\"><\/div>\n<\/div>\n<div class=\"x11i5rnm xat24cr x1mh8g0r x1vvkbs xtlvy1s x126k92a\">\n<div dir=\"auto\" style=\"text-align: justify;\">M\u00e1s de 200 mujeres de diferentes edades y comunidades participaron en este evento deportivo, demostrando su determinaci\u00f3n, fuerza y esp\u00edritu de superaci\u00f3n.<\/div>\n<div dir=\"auto\"><\/div>\n<\/div>\n<div class=\"x11i5rnm xat24cr x1mh8g0r x1vvkbs xtlvy1s x126k92a\">\n<div dir=\"auto\">\u00a1Felicitamos a todas las corredoras por su esfuerzo y dedicaci\u00f3n!<\/div>\n<\/div>\n<p>&nbsp;<\/p>\n<p>&nbsp;<\/p>\n<div><\/div>\n","protected":false},"excerpt":{"rendered":"<p>Hoy, 09 de Marzo , se llev\u00f3 a cabo la Carrera 8K en conmemoraci\u00f3n del D\u00eda Internacional de la Mujer, una actividad llena de energ\u00eda, entusiasmo y un gran mensaje de uni\u00f3n y empoderamiento femenino. M\u00e1s de 200 mujeres de diferentes edades y comunidades participaron en este evento deportivo, demostrando su determinaci\u00f3n, fuerza y esp\u00edritu [&hellip;]<\/p>\n","protected":false},"author":1,"featured_media":21925,"comment_status":"closed","ping_status":"open","sticky":false,"template":"","format":"gallery","meta":[],"categories":[183],"tags":[178],"_links":{"self":[{"href":"https:\/\/gobernacionaltaverapaz.gob.gt\/index.php?rest_route=\/wp\/v2\/posts\/21939"}],"collection":[{"href":"https:\/\/gobernacionaltaverapaz.gob.gt\/index.php?rest_route=\/wp\/v2\/posts"}],"about":[{"href":"https:\/\/gobernacionaltaverapaz.gob.gt\/index.php?rest_route=\/wp\/v2\/types\/post"}],"author":[{"embeddable":true,"href":"https:\/\/gobernacionaltaverapaz.gob.gt\/index.php?rest_route=\/wp\/v2\/users\/1"}],"replies":[{"embeddable":true,"href":"https:\/\/gobernacionaltaverapaz.gob.gt\/index.php?rest_route=%2Fwp%2Fv2%2Fcomments&post=21939"}],"version-history":[{"count":1,"href":"https:\/\/gobernacionaltaverapaz.gob.gt\/index.php?rest_route=\/wp\/v2\/posts\/21939\/revisions"}],"predecessor-version":[{"id":21940,"href":"https:\/\/gobernacionaltaverapaz.gob.gt\/index.php?rest_route=\/wp\/v2\/posts\/21939\/revisions\/21940"}],"wp:featuredmedia":[{"embeddable":true,"href":"https:\/\/gobernacionaltaverapaz.gob.gt\/index.php?rest_route=\/wp\/v2\/media\/21925"}],"wp:attachment":[{"href":"https:\/\/gobernacionaltaverapaz.gob.gt\/index.php?rest_route=%2Fwp%2Fv2%2Fmedia&parent=21939"}],"wp:term":[{"taxonomy":"category","embeddable":true,"href":"https:\/\/gobernacionaltaverapaz.gob.gt\/index.php?rest_route=%2Fwp%2Fv2%2Fcategories&post=21939"},{"taxonomy":"post_tag","embeddable":true,"href":"https:\/\/gobernacionaltaverapaz.gob.gt\/index.php?rest_route=%2Fwp%2Fv2%2Ftags&post=21939"}],"curies":[{"name":"wp","href":"https:\/\/api.w.org\/{rel}","templated":true}]}}